{"id":4764,"date":"2026-09-01T16:54:22","date_gmt":"2026-09-01T14:54:22","guid":{"rendered":"https:\/\/site.educa.madrid.org\/cp.sanchezalbornoz.alcorcon\/?p=4764"},"modified":"2026-09-01T16:54:22","modified_gmt":"2026-09-01T14:54:22","slug":"bienvenidos-as-al-nuevo-curso-escolar","status":"publish","type":"post","link":"https:\/\/site.educa.madrid.org\/cp.sanchezalbornoz.alcorcon\/index.php\/2026\/09\/01\/bienvenidos-as-al-nuevo-curso-escolar\/","title":{"rendered":"BIENVENIDOS\/AS AL NUEVO CURSO ESCOLAR"},"content":{"rendered":"<p>Estimadas familias:<\/p>\n<p>Esperamos que hay\u00e1is disfrutado de un merecido descanso durante el verano.<\/p>\n<p>Nos dirigimos a vosotras para daros la bienvenida al nuevo curso escolar y recordaros que las clases comenzar\u00e1n el pr\u00f3ximo\u00a0<strong>LUNES\u00a07<\/strong>, en el horario habitual de septiembre:<\/p>\n<ul>\n<li>De <strong>7:00 a 9 h<\/strong> servicio de desayunos.<\/li>\n<li>De <strong>9:00<\/strong> <strong>a 13:00 h <\/strong>para todos los alumnos\/as.<\/li>\n<li>El alumnado de comedor saldr\u00e1n entre\u00a0<strong>14:15 y 15:00 h<\/strong>.<\/li>\n<\/ul>\n<p>El equipo docente ya est\u00e1 trabajando con ilusi\u00f3n para recibir a vuestras hijas e hijos y acompa\u00f1arles en este nuevo a\u00f1o, que esperamos est\u00e9 lleno de aprendizajes, experiencias y retos compartidos.<\/p>\n<p>En los pr\u00f3ximos d\u00edas, las tutoras y los tutores de vuestras hijas e hijos se pondr\u00e1n en contacto con vosotros a trav\u00e9s del correo electr\u00f3nico para presentarse y ofreceros la informaci\u00f3n inicial necesaria para el inicio de curso. Adem\u00e1s, os haremos llegar instrucciones concretas sobre la entrega de libros del programa ACCEDE y sobre las principales organizaciones del centro.<\/p>\n<p>El alumnado de nueva incorporaci\u00f3n deber\u00e1 presentarse en la secretar\u00eda del centro 5 minutos antes del inicio de las clases.<\/p>\n<p>Las entradas\/salidas se realizar\u00e1n como en a\u00f1os anteriores:<\/p>\n<p>&#8211; 3 y 4 a\u00f1os por el edificio de Infantil.<\/p>\n<p>&#8211; el resto del alumnado por el edificio de primaria.<\/p>\n<p>Las familias que acceden al centro por el edificio de primaria no acceden al centro en las entradas, s\u00f3lo a las salidas para la recogida del alumnado, os rogamos respet\u00e9is las normas y no colaps\u00e9is la entrada ni las aceras con los coches, esto siempre puede provocar situaciones de riesgo que no garantizan la seguridad de los diferentes miembros de la comunidad educativa.<\/p>\n<p>Os agradecemos de antemano vuestra colaboraci\u00f3n y confianza. Estamos convencidas y convencidos de que, uniendo esfuerzos, conseguiremos que este curso sea enriquecedor y positivo para todos.<\/p>\n<p>Un cordial saludo,<\/p>\n<p>Equipo Directivo<\/p>\n","protected":false},"excerpt":{"rendered":"<p>Estimadas familias: Esperamos que hay\u00e1is disfrutado de un merecido descanso durante el verano. Nos dirigimos a vosotras para daros la bienvenida al [&hellip;]<\/p>\n","protected":false},"author":3,"featured_media":0,"comment_status":"open","ping_status":"open","sticky":false,"template":"","format":"standard","meta":{"footnotes":""},"categories":[13,8],"tags":[],"post_folder":[],"class_list":["post-4764","post","type-post","status-publish","format-standard","hentry","category-avisos","category-noticias"],"rttpg_featured_image_url":null,"rttpg_author":{"display_name":"CEIP CLAUDIO S\u00c1NCHEZ ALBORNOZ","author_link":"https:\/\/site.educa.madrid.org\/cp.sanchezalbornoz.alcorcon\/index.php\/author\/cuenta_cp-sanchezalbornoz-alcorcon\/"},"rttpg_comment":0,"rttpg_category":"<a href=\"https:\/\/site.educa.madrid.org\/cp.sanchezalbornoz.alcorcon\/index.php\/category\/avisos\/\" rel=\"category tag\">Avisos<\/a> <a href=\"https:\/\/site.educa.madrid.org\/cp.sanchezalbornoz.alcorcon\/index.php\/category\/noticias\/\" rel=\"category tag\">Noticias<\/a>","rttpg_excerpt":"Estimadas familias: Esperamos que hay\u00e1is disfrutado de un merecido descanso durante el verano. Nos dirigimos a vosotras para daros la bienvenida al [&hellip;]","post_mailing_queue_ids":[],"_links":{"self":[{"href":"https:\/\/site.educa.madrid.org\/cp.sanchezalbornoz.alcorcon\/index.php\/wp-json\/wp\/v2\/posts\/4764","targetHints":{"allow":["GET"]}}],"collection":[{"href":"https:\/\/site.educa.madrid.org\/cp.sanchezalbornoz.alcorcon\/index.php\/wp-json\/wp\/v2\/posts"}],"about":[{"href":"https:\/\/site.educa.madrid.org\/cp.sanchezalbornoz.alcorcon\/index.php\/wp-json\/wp\/v2\/types\/post"}],"author":[{"embeddable":true,"href":"https:\/\/site.educa.madrid.org\/cp.sanchezalbornoz.alcorcon\/index.php\/wp-json\/wp\/v2\/users\/3"}],"replies":[{"embeddable":true,"href":"https:\/\/site.educa.madrid.org\/cp.sanchezalbornoz.alcorcon\/index.php\/wp-json\/wp\/v2\/comments?post=4764"}],"version-history":[{"count":1,"href":"https:\/\/site.educa.madrid.org\/cp.sanchezalbornoz.alcorcon\/index.php\/wp-json\/wp\/v2\/posts\/4764\/revisions"}],"predecessor-version":[{"id":4765,"href":"https:\/\/site.educa.madrid.org\/cp.sanchezalbornoz.alcorcon\/index.php\/wp-json\/wp\/v2\/posts\/4764\/revisions\/4765"}],"wp:attachment":[{"href":"https:\/\/site.educa.madrid.org\/cp.sanchezalbornoz.alcorcon\/index.php\/wp-json\/wp\/v2\/media?parent=4764"}],"wp:term":[{"taxonomy":"category","embeddable":true,"href":"https:\/\/site.educa.madrid.org\/cp.sanchezalbornoz.alcorcon\/index.php\/wp-json\/wp\/v2\/categories?post=4764"},{"taxonomy":"post_tag","embeddable":true,"href":"https:\/\/site.educa.madrid.org\/cp.sanchezalbornoz.alcorcon\/index.php\/wp-json\/wp\/v2\/tags?post=4764"},{"taxonomy":"post_folder","embeddable":true,"href":"https:\/\/site.educa.madrid.org\/cp.sanchezalbornoz.alcorcon\/index.php\/wp-json\/wp\/v2\/post_folder?post=4764"}],"curies":[{"name":"wp","href":"https:\/\/api.w.org\/{rel}","templated":true}]}}