{"id":4317,"date":"2026-08-27T11:55:24","date_gmt":"2026-08-27T09:55:24","guid":{"rendered":"https:\/\/site.educa.madrid.org\/cp.silvioabad.sansebastian\/?p=4317"},"modified":"2026-08-27T11:55:25","modified_gmt":"2026-08-27T09:55:25","slug":"nuevo-curso-2026-2027","status":"publish","type":"post","link":"https:\/\/site.educa.madrid.org\/cp.silvioabad.sansebastian\/index.php\/2026\/08\/27\/nuevo-curso-2026-2027\/","title":{"rendered":"NUEVO CURSO 2026-2027"},"content":{"rendered":"<p>\u00a1YA ESTAMOS DE VUELTA!<\/p>\n<p>INCORPORACI\u00d3N DEL ALUMNADO: El curso comenzar\u00e1 de forma escalonada, es decir, Primaria el d\u00eda 7 de septiembre a las 9.00 y Secundaria, el d\u00eda 8 a las 8.30.<\/p>\n<p>INCORPORACI\u00d3N DEL PROFESORADO: El profesorado nuevo se incorporar\u00e1 al centro el 1 de septiembre a primera hora y la reuni\u00f3n de inicio de curso se celebrar\u00e1 a las 10 de la ma\u00f1ana.<\/p>\n","protected":false},"excerpt":{"rendered":"<p>\u00a1YA ESTAMOS DE VUELTA! INCORPORACI\u00d3N DEL ALUMNADO: El curso comenzar\u00e1 de forma escalonada, es decir, Primaria el d\u00eda 7 de septiembre a las 9.00 y Secundaria, el d\u00eda 8 a las 8.30. INCORPORACI\u00d3N DEL PROFESORADO: El profesorado nuevo se incorporar\u00e1 al centro el 1 de septiembre a primera hora y la reuni\u00f3n de inicio de &hellip; <\/p>\n<p class=\"link-more\"><a href=\"https:\/\/site.educa.madrid.org\/cp.silvioabad.sansebastian\/index.php\/2026\/08\/27\/nuevo-curso-2026-2027\/\" class=\"more-link\">Continuar leyendo<span class=\"screen-reader-text\"> \u00abNUEVO CURSO 2026-2027\u00bb<\/span><\/a><\/p>\n","protected":false},"author":3,"featured_media":0,"comment_status":"open","ping_status":"open","sticky":false,"template":"","format":"standard","meta":{"footnotes":""},"categories":[1],"tags":[],"post_folder":[],"class_list":["post-4317","post","type-post","status-publish","format-standard","hentry","category-instalaciones"],"rttpg_featured_image_url":null,"rttpg_author":{"display_name":"cp.silvioabad.sansebastian","author_link":"https:\/\/site.educa.madrid.org\/cp.silvioabad.sansebastian\/index.php\/author\/cuenta_cp-silvioabad-sansebastian\/"},"rttpg_comment":0,"rttpg_category":"<a href=\"https:\/\/site.educa.madrid.org\/cp.silvioabad.sansebastian\/index.php\/category\/instalaciones\/\" rel=\"category tag\">Instalaciones<\/a>","rttpg_excerpt":"\u00a1YA ESTAMOS DE VUELTA! INCORPORACI\u00d3N DEL ALUMNADO: El curso comenzar\u00e1 de forma escalonada, es decir, Primaria el d\u00eda 7 de septiembre a las 9.00 y Secundaria, el d\u00eda 8 a las 8.30. INCORPORACI\u00d3N DEL PROFESORADO: El profesorado nuevo se incorporar\u00e1 al centro el 1 de septiembre a primera hora y la reuni\u00f3n de inicio de&hellip;","post_mailing_queue_ids":[],"_links":{"self":[{"href":"https:\/\/site.educa.madrid.org\/cp.silvioabad.sansebastian\/index.php\/wp-json\/wp\/v2\/posts\/4317","targetHints":{"allow":["GET"]}}],"collection":[{"href":"https:\/\/site.educa.madrid.org\/cp.silvioabad.sansebastian\/index.php\/wp-json\/wp\/v2\/posts"}],"about":[{"href":"https:\/\/site.educa.madrid.org\/cp.silvioabad.sansebastian\/index.php\/wp-json\/wp\/v2\/types\/post"}],"author":[{"embeddable":true,"href":"https:\/\/site.educa.madrid.org\/cp.silvioabad.sansebastian\/index.php\/wp-json\/wp\/v2\/users\/3"}],"replies":[{"embeddable":true,"href":"https:\/\/site.educa.madrid.org\/cp.silvioabad.sansebastian\/index.php\/wp-json\/wp\/v2\/comments?post=4317"}],"version-history":[{"count":2,"href":"https:\/\/site.educa.madrid.org\/cp.silvioabad.sansebastian\/index.php\/wp-json\/wp\/v2\/posts\/4317\/revisions"}],"predecessor-version":[{"id":4319,"href":"https:\/\/site.educa.madrid.org\/cp.silvioabad.sansebastian\/index.php\/wp-json\/wp\/v2\/posts\/4317\/revisions\/4319"}],"wp:attachment":[{"href":"https:\/\/site.educa.madrid.org\/cp.silvioabad.sansebastian\/index.php\/wp-json\/wp\/v2\/media?parent=4317"}],"wp:term":[{"taxonomy":"category","embeddable":true,"href":"https:\/\/site.educa.madrid.org\/cp.silvioabad.sansebastian\/index.php\/wp-json\/wp\/v2\/categories?post=4317"},{"taxonomy":"post_tag","embeddable":true,"href":"https:\/\/site.educa.madrid.org\/cp.silvioabad.sansebastian\/index.php\/wp-json\/wp\/v2\/tags?post=4317"},{"taxonomy":"post_folder","embeddable":true,"href":"https:\/\/site.educa.madrid.org\/cp.silvioabad.sansebastian\/index.php\/wp-json\/wp\/v2\/post_folder?post=4317"}],"curies":[{"name":"wp","href":"https:\/\/api.w.org\/{rel}","templated":true}]}}