{"id":1105,"date":"2024-07-18T13:08:59","date_gmt":"2024-07-18T11:08:59","guid":{"rendered":"https:\/\/site.educa.madrid.org\/cp.tirsodemolina.colmenarviejo\/?p=1105"},"modified":"2025-07-01T11:34:02","modified_gmt":"2025-07-01T09:34:02","slug":"curso-escolar-2024-2025","status":"publish","type":"post","link":"https:\/\/site.educa.madrid.org\/cp.tirsodemolina.colmenarviejo\/index.php\/2024\/07\/18\/curso-escolar-2024-2025\/","title":{"rendered":"CURSO ESCOLAR 2025 -2026"},"content":{"rendered":"<p>Estimadas familias,<\/p>\n<p>os recordamos que volvemos al cole el 8 de septiembre.<\/p>\n<p><strong>Las familias de Educaci\u00f3n Infantil 3 a\u00f1os, tienen la reuni\u00f3n inicial el jueves 4 de septiembre de 2025 a\u00a0 las 09:30h.<\/strong><\/p>\n\n\n<p><\/p>\n","protected":false},"excerpt":{"rendered":"<p>Estimadas familias, os recordamos que volvemos al cole el 8 de septiembre. Las familias de Educaci\u00f3n Infantil 3 a\u00f1os, tienen la reuni\u00f3n inicial el jueves 4 de septiembre de 2025 a\u00a0 las 09:30h.<\/p>\n","protected":false},"author":3,"featured_media":1391,"comment_status":"open","ping_status":"open","sticky":false,"template":"","format":"standard","meta":{"footnotes":""},"categories":[1],"tags":[],"post_folder":[],"class_list":["post-1105","post","type-post","status-publish","format-standard","has-post-thumbnail","hentry","category-sin-categoria"],"rttpg_featured_image_url":{"full":["https:\/\/site.educa.madrid.org\/cp.tirsodemolina.colmenarviejo\/\/wp-content\/uploads\/cp.tirsodemolina.colmenarviejo\/2024\/07\/Post-Instagram-vuelta-al-cole-ilustrativo-divertido-colorido-e1751362408397.png",200,200,false],"landscape":["https:\/\/site.educa.madrid.org\/cp.tirsodemolina.colmenarviejo\/\/wp-content\/uploads\/cp.tirsodemolina.colmenarviejo\/2024\/07\/Post-Instagram-vuelta-al-cole-ilustrativo-divertido-colorido-e1751362408397.png",200,200,false],"portraits":["https:\/\/site.educa.madrid.org\/cp.tirsodemolina.colmenarviejo\/\/wp-content\/uploads\/cp.tirsodemolina.colmenarviejo\/2024\/07\/Post-Instagram-vuelta-al-cole-ilustrativo-divertido-colorido-e1751362408397.png",200,200,false],"thumbnail":["https:\/\/site.educa.madrid.org\/cp.tirsodemolina.colmenarviejo\/\/wp-content\/uploads\/cp.tirsodemolina.colmenarviejo\/2024\/07\/Post-Instagram-vuelta-al-cole-ilustrativo-divertido-colorido-150x150.png",150,150,true],"medium":["https:\/\/site.educa.madrid.org\/cp.tirsodemolina.colmenarviejo\/\/wp-content\/uploads\/cp.tirsodemolina.colmenarviejo\/2024\/07\/Post-Instagram-vuelta-al-cole-ilustrativo-divertido-colorido-300x300.png",300,300,true],"large":["https:\/\/site.educa.madrid.org\/cp.tirsodemolina.colmenarviejo\/\/wp-content\/uploads\/cp.tirsodemolina.colmenarviejo\/2024\/07\/Post-Instagram-vuelta-al-cole-ilustrativo-divertido-colorido-1024x1024.png",696,696,true],"thumblist":["https:\/\/site.educa.madrid.org\/cp.tirsodemolina.colmenarviejo\/\/wp-content\/uploads\/cp.tirsodemolina.colmenarviejo\/2024\/07\/Post-Instagram-vuelta-al-cole-ilustrativo-divertido-colorido-300x300.png",300,300,true],"thumbrelated":["https:\/\/site.educa.madrid.org\/cp.tirsodemolina.colmenarviejo\/\/wp-content\/uploads\/cp.tirsodemolina.colmenarviejo\/2024\/07\/Post-Instagram-vuelta-al-cole-ilustrativo-divertido-colorido-500x500.png",500,500,true],"meccarouselthumb":["https:\/\/site.educa.madrid.org\/cp.tirsodemolina.colmenarviejo\/\/wp-content\/uploads\/cp.tirsodemolina.colmenarviejo\/2024\/07\/Post-Instagram-vuelta-al-cole-ilustrativo-divertido-colorido-474x324.png",474,324,true],"gridsquare":["https:\/\/site.educa.madrid.org\/cp.tirsodemolina.colmenarviejo\/\/wp-content\/uploads\/cp.tirsodemolina.colmenarviejo\/2024\/07\/Post-Instagram-vuelta-al-cole-ilustrativo-divertido-colorido-391x260.png",391,260,true],"tileview":["https:\/\/site.educa.madrid.org\/cp.tirsodemolina.colmenarviejo\/\/wp-content\/uploads\/cp.tirsodemolina.colmenarviejo\/2024\/07\/Post-Instagram-vuelta-al-cole-ilustrativo-divertido-colorido-300x400.png",300,400,true],"1536x1536":["https:\/\/site.educa.madrid.org\/cp.tirsodemolina.colmenarviejo\/\/wp-content\/uploads\/cp.tirsodemolina.colmenarviejo\/2024\/07\/Post-Instagram-vuelta-al-cole-ilustrativo-divertido-colorido-e1751362408397.png",200,200,false],"2048x2048":["https:\/\/site.educa.madrid.org\/cp.tirsodemolina.colmenarviejo\/\/wp-content\/uploads\/cp.tirsodemolina.colmenarviejo\/2024\/07\/Post-Instagram-vuelta-al-cole-ilustrativo-divertido-colorido-e1751362408397.png",200,200,false],"sow-carousel-default":["https:\/\/site.educa.madrid.org\/cp.tirsodemolina.colmenarviejo\/\/wp-content\/uploads\/cp.tirsodemolina.colmenarviejo\/2024\/07\/Post-Instagram-vuelta-al-cole-ilustrativo-divertido-colorido-272x182.png",272,182,true],"sow-post-carousel-overlay-theme":["https:\/\/site.educa.madrid.org\/cp.tirsodemolina.colmenarviejo\/\/wp-content\/uploads\/cp.tirsodemolina.colmenarviejo\/2024\/07\/Post-Instagram-vuelta-al-cole-ilustrativo-divertido-colorido-e1751362408397.png",200,200,false],"sow-post-carousel-cards-theme":["https:\/\/site.educa.madrid.org\/cp.tirsodemolina.colmenarviejo\/\/wp-content\/uploads\/cp.tirsodemolina.colmenarviejo\/2024\/07\/Post-Instagram-vuelta-al-cole-ilustrativo-divertido-colorido-e1751362408397.png",200,200,false],"rt_custom":["https:\/\/site.educa.madrid.org\/cp.tirsodemolina.colmenarviejo\/\/wp-content\/uploads\/cp.tirsodemolina.colmenarviejo\/2024\/07\/Post-Instagram-vuelta-al-cole-ilustrativo-divertido-colorido-e1751362408397.png",200,200,false]},"rttpg_author":{"display_name":"cp.tirsodemolina.colmenarviejo","author_link":"https:\/\/site.educa.madrid.org\/cp.tirsodemolina.colmenarviejo\/index.php\/author\/cuenta_cp-tirsodemolina-colmenarviejo\/"},"rttpg_comment":0,"rttpg_category":"<a href=\"https:\/\/site.educa.madrid.org\/cp.tirsodemolina.colmenarviejo\/index.php\/category\/sin-categoria\/\" rel=\"category tag\">Sin categor\u00eda<\/a>","rttpg_excerpt":"Estimadas familias, os recordamos que volvemos al cole el 8 de septiembre. Las familias de Educaci\u00f3n Infantil 3 a\u00f1os, tienen la reuni\u00f3n inicial el jueves 4 de septiembre de 2025 a\u00a0 las 09:30h.","post_mailing_queue_ids":[],"_links":{"self":[{"href":"https:\/\/site.educa.madrid.org\/cp.tirsodemolina.colmenarviejo\/index.php\/wp-json\/wp\/v2\/posts\/1105","targetHints":{"allow":["GET"]}}],"collection":[{"href":"https:\/\/site.educa.madrid.org\/cp.tirsodemolina.colmenarviejo\/index.php\/wp-json\/wp\/v2\/posts"}],"about":[{"href":"https:\/\/site.educa.madrid.org\/cp.tirsodemolina.colmenarviejo\/index.php\/wp-json\/wp\/v2\/types\/post"}],"author":[{"embeddable":true,"href":"https:\/\/site.educa.madrid.org\/cp.tirsodemolina.colmenarviejo\/index.php\/wp-json\/wp\/v2\/users\/3"}],"replies":[{"embeddable":true,"href":"https:\/\/site.educa.madrid.org\/cp.tirsodemolina.colmenarviejo\/index.php\/wp-json\/wp\/v2\/comments?post=1105"}],"version-history":[{"count":3,"href":"https:\/\/site.educa.madrid.org\/cp.tirsodemolina.colmenarviejo\/index.php\/wp-json\/wp\/v2\/posts\/1105\/revisions"}],"predecessor-version":[{"id":1392,"href":"https:\/\/site.educa.madrid.org\/cp.tirsodemolina.colmenarviejo\/index.php\/wp-json\/wp\/v2\/posts\/1105\/revisions\/1392"}],"wp:featuredmedia":[{"embeddable":true,"href":"https:\/\/site.educa.madrid.org\/cp.tirsodemolina.colmenarviejo\/index.php\/wp-json\/wp\/v2\/media\/1391"}],"wp:attachment":[{"href":"https:\/\/site.educa.madrid.org\/cp.tirsodemolina.colmenarviejo\/index.php\/wp-json\/wp\/v2\/media?parent=1105"}],"wp:term":[{"taxonomy":"category","embeddable":true,"href":"https:\/\/site.educa.madrid.org\/cp.tirsodemolina.colmenarviejo\/index.php\/wp-json\/wp\/v2\/categories?post=1105"},{"taxonomy":"post_tag","embeddable":true,"href":"https:\/\/site.educa.madrid.org\/cp.tirsodemolina.colmenarviejo\/index.php\/wp-json\/wp\/v2\/tags?post=1105"},{"taxonomy":"post_folder","embeddable":true,"href":"https:\/\/site.educa.madrid.org\/cp.tirsodemolina.colmenarviejo\/index.php\/wp-json\/wp\/v2\/post_folder?post=1105"}],"curies":[{"name":"wp","href":"https:\/\/api.w.org\/{rel}","templated":true}]}}