{"id":3806,"date":"2026-09-03T10:12:17","date_gmt":"2026-09-03T08:12:17","guid":{"rendered":"https:\/\/site.educa.madrid.org\/cp.vicentealeixand.torrejondeardoz\/?p=3806"},"modified":"2026-09-03T10:12:19","modified_gmt":"2026-09-03T08:12:19","slug":"circular-de-inicio-de-curso-sobre-comedor-y-servicio-de-desayuno","status":"publish","type":"post","link":"https:\/\/site.educa.madrid.org\/cp.vicentealeixand.torrejondeardoz\/index.php\/2026\/09\/03\/circular-de-inicio-de-curso-sobre-comedor-y-servicio-de-desayuno\/","title":{"rendered":"Circular de inicio de curso sobre comedor y servicio de desayuno"},"content":{"rendered":"\n<p>Os informamos sobre las inscripciones y los servicios de comedor y servicios complementarios para este curso.<\/p>\n\n\n\n<p>En relaci\u00f3n con el comedor, las inscripciones est\u00e1n completas y la gesti\u00f3n contin\u00faa realiz\u00e1ndose directamente desde el centro, sin ninguna incidencia. La \u00fanica novedad es el cambio de n\u00famero de tel\u00e9fono de Bea, coordinadora del servicio.<\/p>\n\n\n\n<p>El nuevo tel\u00e9fono de contacto para cualquier consulta relacionada con el comedor es:<\/p>\n\n\n\n<p><img decoding=\"async\" alt=\"\ud83d\udce7\" src=\"https:\/\/fonts.gstatic.com\/s\/e\/notoemoji\/17.0\/1f4e7\/72.png\">&nbsp;<a href=\"mailto:comedor.cp.vicentealeixand.torrejondeardoz@educa.madrid.org\" target=\"_blank\" rel=\"noreferrer noopener\">comedor.cp.vicentealeixand.torrejondeardoz@educa.madrid.org<\/a><br><img decoding=\"async\" alt=\"\ud83d\udcde\" src=\"https:\/\/fonts.gstatic.com\/s\/e\/notoemoji\/17.0\/1f4de\/72.png\">&nbsp;686 30 75 53<\/p>\n\n\n\n<p>Por otro lado, las inscripciones y consultas relacionadas con desayuno, horario ampliado y meriendas son gestionadas directamente por Serunion. Debido a un retraso en la actualizaci\u00f3n de su aplicaci\u00f3n, es posible que algunas inscripciones todav\u00eda no aparezcan correctamente. No obstante, esto no va a afectar al funcionamiento ni a la prestaci\u00f3n del servicio.<\/p>\n\n\n\n<p>Para cualquier consulta relacionada con estos servicios, pod\u00e9is contactar directamente con Serunion:<\/p>\n\n\n\n<p><img decoding=\"async\" alt=\"\ud83d\udce7\" src=\"https:\/\/fonts.gstatic.com\/s\/e\/notoemoji\/17.0\/1f4e7\/72.png\">&nbsp;<a href=\"mailto:respondemos@elcomedordelcole.es\" target=\"_blank\" rel=\"noreferrer noopener\">respondemos@elcomedordelcole.es<\/a><br><img decoding=\"async\" alt=\"\ud83d\udcde\" src=\"https:\/\/fonts.gstatic.com\/s\/e\/notoemoji\/17.0\/1f4de\/72.png\">&nbsp;917 88 59 79<\/p>\n\n\n\n<p>Os recordamos, por tanto, que para las cuestiones relativas al comedor deb\u00e9is dirigiros al centro y para desayuno, horario ampliado y meriendas, directamente a Serunion.<\/p>\n\n\n\n<p>Gracias por vuestra atenci\u00f3n y colaboraci\u00f3n.<\/p>\n","protected":false},"excerpt":{"rendered":"<p>Os informamos sobre las inscripciones y los servicios de comedor y servicios complementarios para este curso. En relaci\u00f3n con el comedor, las [&hellip;]<\/p>\n","protected":false},"author":3,"featured_media":3808,"comment_status":"closed","ping_status":"open","sticky":false,"template":"","format":"standard","meta":{"footnotes":""},"categories":[12],"tags":[],"post_folder":[],"class_list":["post-3806","post","type-post","status-publish","format-standard","has-post-thumbnail","hentry","category-novedades"],"rttpg_featured_image_url":{"full":["https:\/\/site.educa.madrid.org\/cp.vicentealeixand.torrejondeardoz\/\/wp-content\/uploads\/cp.vicentealeixand.torrejondeardoz\/2026\/09\/59542326_2304_i402_044_f_m004_c9_lunch_box_flat_background_50pct_50pct.jpg",1750,1166,false],"landscape":["https:\/\/site.educa.madrid.org\/cp.vicentealeixand.torrejondeardoz\/\/wp-content\/uploads\/cp.vicentealeixand.torrejondeardoz\/2026\/09\/59542326_2304_i402_044_f_m004_c9_lunch_box_flat_background_50pct_50pct.jpg",1750,1166,false],"portraits":["https:\/\/site.educa.madrid.org\/cp.vicentealeixand.torrejondeardoz\/\/wp-content\/uploads\/cp.vicentealeixand.torrejondeardoz\/2026\/09\/59542326_2304_i402_044_f_m004_c9_lunch_box_flat_background_50pct_50pct.jpg",1750,1166,false],"thumbnail":["https:\/\/site.educa.madrid.org\/cp.vicentealeixand.torrejondeardoz\/\/wp-content\/uploads\/cp.vicentealeixand.torrejondeardoz\/2026\/09\/59542326_2304_i402_044_f_m004_c9_lunch_box_flat_background_50pct_50pct-150x150.jpg",150,150,true],"medium":["https:\/\/site.educa.madrid.org\/cp.vicentealeixand.torrejondeardoz\/\/wp-content\/uploads\/cp.vicentealeixand.torrejondeardoz\/2026\/09\/59542326_2304_i402_044_f_m004_c9_lunch_box_flat_background_50pct_50pct-300x200.jpg",300,200,true],"large":["https:\/\/site.educa.madrid.org\/cp.vicentealeixand.torrejondeardoz\/\/wp-content\/uploads\/cp.vicentealeixand.torrejondeardoz\/2026\/09\/59542326_2304_i402_044_f_m004_c9_lunch_box_flat_background_50pct_50pct-1024x682.jpg",1024,682,true],"thumblist":["https:\/\/site.educa.madrid.org\/cp.vicentealeixand.torrejondeardoz\/\/wp-content\/uploads\/cp.vicentealeixand.torrejondeardoz\/2026\/09\/59542326_2304_i402_044_f_m004_c9_lunch_box_flat_background_50pct_50pct-300x300.jpg",300,300,true],"thumbrelated":["https:\/\/site.educa.madrid.org\/cp.vicentealeixand.torrejondeardoz\/\/wp-content\/uploads\/cp.vicentealeixand.torrejondeardoz\/2026\/09\/59542326_2304_i402_044_f_m004_c9_lunch_box_flat_background_50pct_50pct-500x500.jpg",500,500,true],"meccarouselthumb":["https:\/\/site.educa.madrid.org\/cp.vicentealeixand.torrejondeardoz\/\/wp-content\/uploads\/cp.vicentealeixand.torrejondeardoz\/2026\/09\/59542326_2304_i402_044_f_m004_c9_lunch_box_flat_background_50pct_50pct-474x324.jpg",474,324,true],"gridsquare":["https:\/\/site.educa.madrid.org\/cp.vicentealeixand.torrejondeardoz\/\/wp-content\/uploads\/cp.vicentealeixand.torrejondeardoz\/2026\/09\/59542326_2304_i402_044_f_m004_c9_lunch_box_flat_background_50pct_50pct-391x260.jpg",391,260,true],"tileview":["https:\/\/site.educa.madrid.org\/cp.vicentealeixand.torrejondeardoz\/\/wp-content\/uploads\/cp.vicentealeixand.torrejondeardoz\/2026\/09\/59542326_2304_i402_044_f_m004_c9_lunch_box_flat_background_50pct_50pct-300x400.jpg",300,400,true],"1536x1536":["https:\/\/site.educa.madrid.org\/cp.vicentealeixand.torrejondeardoz\/\/wp-content\/uploads\/cp.vicentealeixand.torrejondeardoz\/2026\/09\/59542326_2304_i402_044_f_m004_c9_lunch_box_flat_background_50pct_50pct-1536x1023.jpg",1536,1023,true],"2048x2048":["https:\/\/site.educa.madrid.org\/cp.vicentealeixand.torrejondeardoz\/\/wp-content\/uploads\/cp.vicentealeixand.torrejondeardoz\/2026\/09\/59542326_2304_i402_044_f_m004_c9_lunch_box_flat_background_50pct_50pct.jpg",1750,1166,false],"sydney-large-thumb":["https:\/\/site.educa.madrid.org\/cp.vicentealeixand.torrejondeardoz\/\/wp-content\/uploads\/cp.vicentealeixand.torrejondeardoz\/2026\/09\/59542326_2304_i402_044_f_m004_c9_lunch_box_flat_background_50pct_50pct-1000x666.jpg",1000,666,true],"sydney-medium-thumb":["https:\/\/site.educa.madrid.org\/cp.vicentealeixand.torrejondeardoz\/\/wp-content\/uploads\/cp.vicentealeixand.torrejondeardoz\/2026\/09\/59542326_2304_i402_044_f_m004_c9_lunch_box_flat_background_50pct_50pct-550x400.jpg",550,400,true],"sydney-small-thumb":["https:\/\/site.educa.madrid.org\/cp.vicentealeixand.torrejondeardoz\/\/wp-content\/uploads\/cp.vicentealeixand.torrejondeardoz\/2026\/09\/59542326_2304_i402_044_f_m004_c9_lunch_box_flat_background_50pct_50pct-230x153.jpg",230,153,true],"sydney-service-thumb":["https:\/\/site.educa.madrid.org\/cp.vicentealeixand.torrejondeardoz\/\/wp-content\/uploads\/cp.vicentealeixand.torrejondeardoz\/2026\/09\/59542326_2304_i402_044_f_m004_c9_lunch_box_flat_background_50pct_50pct-350x233.jpg",350,233,true],"sydney-mas-thumb":["https:\/\/site.educa.madrid.org\/cp.vicentealeixand.torrejondeardoz\/\/wp-content\/uploads\/cp.vicentealeixand.torrejondeardoz\/2026\/09\/59542326_2304_i402_044_f_m004_c9_lunch_box_flat_background_50pct_50pct-480x320.jpg",480,320,true],"sow-carousel-default":["https:\/\/site.educa.madrid.org\/cp.vicentealeixand.torrejondeardoz\/\/wp-content\/uploads\/cp.vicentealeixand.torrejondeardoz\/2026\/09\/59542326_2304_i402_044_f_m004_c9_lunch_box_flat_background_50pct_50pct-272x182.jpg",272,182,true],"sow-post-carousel-overlay-theme":["https:\/\/site.educa.madrid.org\/cp.vicentealeixand.torrejondeardoz\/\/wp-content\/uploads\/cp.vicentealeixand.torrejondeardoz\/2026\/09\/59542326_2304_i402_044_f_m004_c9_lunch_box_flat_background_50pct_50pct-360x476.jpg",360,476,true],"sow-post-carousel-cards-theme":["https:\/\/site.educa.madrid.org\/cp.vicentealeixand.torrejondeardoz\/\/wp-content\/uploads\/cp.vicentealeixand.torrejondeardoz\/2026\/09\/59542326_2304_i402_044_f_m004_c9_lunch_box_flat_background_50pct_50pct-360x240.jpg",360,240,true],"rt_custom":["https:\/\/site.educa.madrid.org\/cp.vicentealeixand.torrejondeardoz\/\/wp-content\/uploads\/cp.vicentealeixand.torrejondeardoz\/2026\/09\/59542326_2304_i402_044_f_m004_c9_lunch_box_flat_background_50pct_50pct.jpg",1750,1166,false]},"rttpg_author":{"display_name":"cp.vicentealeixand.torrejondeardoz","author_link":"https:\/\/site.educa.madrid.org\/cp.vicentealeixand.torrejondeardoz\/index.php\/author\/cuenta_cp-vicentealeixand-torrejondeardoz\/"},"rttpg_comment":0,"rttpg_category":"<a href=\"https:\/\/site.educa.madrid.org\/cp.vicentealeixand.torrejondeardoz\/index.php\/category\/sin-categoria\/novedades\/\" rel=\"category tag\">Novedades<\/a>","rttpg_excerpt":"Os informamos sobre las inscripciones y los servicios de comedor y servicios complementarios para este curso. En relaci\u00f3n con el comedor, las [&hellip;]","post_mailing_queue_ids":[],"_links":{"self":[{"href":"https:\/\/site.educa.madrid.org\/cp.vicentealeixand.torrejondeardoz\/index.php\/wp-json\/wp\/v2\/posts\/3806","targetHints":{"allow":["GET"]}}],"collection":[{"href":"https:\/\/site.educa.madrid.org\/cp.vicentealeixand.torrejondeardoz\/index.php\/wp-json\/wp\/v2\/posts"}],"about":[{"href":"https:\/\/site.educa.madrid.org\/cp.vicentealeixand.torrejondeardoz\/index.php\/wp-json\/wp\/v2\/types\/post"}],"author":[{"embeddable":true,"href":"https:\/\/site.educa.madrid.org\/cp.vicentealeixand.torrejondeardoz\/index.php\/wp-json\/wp\/v2\/users\/3"}],"replies":[{"embeddable":true,"href":"https:\/\/site.educa.madrid.org\/cp.vicentealeixand.torrejondeardoz\/index.php\/wp-json\/wp\/v2\/comments?post=3806"}],"version-history":[{"count":2,"href":"https:\/\/site.educa.madrid.org\/cp.vicentealeixand.torrejondeardoz\/index.php\/wp-json\/wp\/v2\/posts\/3806\/revisions"}],"predecessor-version":[{"id":3809,"href":"https:\/\/site.educa.madrid.org\/cp.vicentealeixand.torrejondeardoz\/index.php\/wp-json\/wp\/v2\/posts\/3806\/revisions\/3809"}],"wp:featuredmedia":[{"embeddable":true,"href":"https:\/\/site.educa.madrid.org\/cp.vicentealeixand.torrejondeardoz\/index.php\/wp-json\/wp\/v2\/media\/3808"}],"wp:attachment":[{"href":"https:\/\/site.educa.madrid.org\/cp.vicentealeixand.torrejondeardoz\/index.php\/wp-json\/wp\/v2\/media?parent=3806"}],"wp:term":[{"taxonomy":"category","embeddable":true,"href":"https:\/\/site.educa.madrid.org\/cp.vicentealeixand.torrejondeardoz\/index.php\/wp-json\/wp\/v2\/categories?post=3806"},{"taxonomy":"post_tag","embeddable":true,"href":"https:\/\/site.educa.madrid.org\/cp.vicentealeixand.torrejondeardoz\/index.php\/wp-json\/wp\/v2\/tags?post=3806"},{"taxonomy":"post_folder","embeddable":true,"href":"https:\/\/site.educa.madrid.org\/cp.vicentealeixand.torrejondeardoz\/index.php\/wp-json\/wp\/v2\/post_folder?post=3806"}],"curies":[{"name":"wp","href":"https:\/\/api.w.org\/{rel}","templated":true}]}}