{"id":1015,"date":"2023-02-15T10:23:03","date_gmt":"2023-02-15T09:23:03","guid":{"rendered":"https:\/\/site.educa.madrid.org\/cra.vegadetajuna.orusco\/?p=1015"},"modified":"2023-02-15T10:32:04","modified_gmt":"2023-02-15T09:32:04","slug":"ya-hay-numero-premiado-con-la-cesta-de-villar","status":"publish","type":"post","link":"https:\/\/site.educa.madrid.org\/cra.vegadetajuna.orusco\/index.php\/2023\/02\/15\/ya-hay-numero-premiado-con-la-cesta-de-villar\/","title":{"rendered":"\u00a1\u00a1YA HAY N\u00daMERO PREMIADO CON LA CESTA DE VILLAR!!"},"content":{"rendered":"<p>Ayer d\u00eda 14 de febrero, se celebr\u00f3 un peque\u00f1o sorteo en la clase de 5\u00ba y 6\u00ba de Villar del Olmo para premiar a la papeleta agraciada con la <strong><em>\u00abCesta Ib\u00e9rica\u00bb<\/em> <\/strong>de entre todas las vendidas con motivo del viaje de fin de curso de l@s chic@s y con lo que se autofinancian la actividad.<\/p>\n<p>El n\u00famero premiado ha sido: <strong>1109<\/strong><\/p>\n<p>\u00a1Enhorabuena al afortunad@!<\/p>\n<p>Podr\u00e1 contactar en el\u00a0 615519094 o S-MORALESDELAOSA33@HOTMAIL.COM<\/p>\n\n\n<figure class=\"wp-block-image size-large is-resized\"><img decoding=\"async\" src=\"https:\/\/site.educa.madrid.org\/cra.vegadetajuna.orusco\/\/wp-content\/uploads\/cra.vegadetajuna.orusco\/2023\/02\/IMG-20230214-WA0003-edited.jpg\" alt=\"\" class=\"wp-image-1019\" width=\"135\" srcset=\"https:\/\/site.educa.madrid.org\/cra.vegadetajuna.orusco\/\/wp-content\/uploads\/cra.vegadetajuna.orusco\/2023\/02\/IMG-20230214-WA0003-edited.jpg 912w, https:\/\/site.educa.madrid.org\/cra.vegadetajuna.orusco\/\/wp-content\/uploads\/cra.vegadetajuna.orusco\/2023\/02\/IMG-20230214-WA0003-edited-300x225.jpg 300w, https:\/\/site.educa.madrid.org\/cra.vegadetajuna.orusco\/\/wp-content\/uploads\/cra.vegadetajuna.orusco\/2023\/02\/IMG-20230214-WA0003-edited-768x576.jpg 768w, https:\/\/site.educa.madrid.org\/cra.vegadetajuna.orusco\/\/wp-content\/uploads\/cra.vegadetajuna.orusco\/2023\/02\/IMG-20230214-WA0003-edited-700x525.jpg 700w, https:\/\/site.educa.madrid.org\/cra.vegadetajuna.orusco\/\/wp-content\/uploads\/cra.vegadetajuna.orusco\/2023\/02\/IMG-20230214-WA0003-edited-520x390.jpg 520w, https:\/\/site.educa.madrid.org\/cra.vegadetajuna.orusco\/\/wp-content\/uploads\/cra.vegadetajuna.orusco\/2023\/02\/IMG-20230214-WA0003-edited-360x270.jpg 360w, https:\/\/site.educa.madrid.org\/cra.vegadetajuna.orusco\/\/wp-content\/uploads\/cra.vegadetajuna.orusco\/2023\/02\/IMG-20230214-WA0003-edited-250x188.jpg 250w, https:\/\/site.educa.madrid.org\/cra.vegadetajuna.orusco\/\/wp-content\/uploads\/cra.vegadetajuna.orusco\/2023\/02\/IMG-20230214-WA0003-edited-100x75.jpg 100w\" sizes=\"(max-width: 767px) 89vw, (max-width: 1000px) 54vw, (max-width: 1071px) 543px, 580px\" \/><\/figure>\n\n\n\n<figure class=\"wp-block-image size-large is-resized\"><img loading=\"lazy\" decoding=\"async\" src=\"https:\/\/site.educa.madrid.org\/cra.vegadetajuna.orusco\/\/wp-content\/uploads\/cra.vegadetajuna.orusco\/2023\/02\/IMG-20230214-WA0006-1024x467.jpg\" alt=\"\" class=\"wp-image-1021\" width=\"302\" height=\"138\" srcset=\"https:\/\/site.educa.madrid.org\/cra.vegadetajuna.orusco\/\/wp-content\/uploads\/cra.vegadetajuna.orusco\/2023\/02\/IMG-20230214-WA0006-1024x467.jpg 1024w, https:\/\/site.educa.madrid.org\/cra.vegadetajuna.orusco\/\/wp-content\/uploads\/cra.vegadetajuna.orusco\/2023\/02\/IMG-20230214-WA0006-300x137.jpg 300w, https:\/\/site.educa.madrid.org\/cra.vegadetajuna.orusco\/\/wp-content\/uploads\/cra.vegadetajuna.orusco\/2023\/02\/IMG-20230214-WA0006-768x350.jpg 768w, https:\/\/site.educa.madrid.org\/cra.vegadetajuna.orusco\/\/wp-content\/uploads\/cra.vegadetajuna.orusco\/2023\/02\/IMG-20230214-WA0006-1536x700.jpg 1536w, https:\/\/site.educa.madrid.org\/cra.vegadetajuna.orusco\/\/wp-content\/uploads\/cra.vegadetajuna.orusco\/2023\/02\/IMG-20230214-WA0006-700x319.jpg 700w, https:\/\/site.educa.madrid.org\/cra.vegadetajuna.orusco\/\/wp-content\/uploads\/cra.vegadetajuna.orusco\/2023\/02\/IMG-20230214-WA0006-520x237.jpg 520w, https:\/\/site.educa.madrid.org\/cra.vegadetajuna.orusco\/\/wp-content\/uploads\/cra.vegadetajuna.orusco\/2023\/02\/IMG-20230214-WA0006-360x164.jpg 360w, https:\/\/site.educa.madrid.org\/cra.vegadetajuna.orusco\/\/wp-content\/uploads\/cra.vegadetajuna.orusco\/2023\/02\/IMG-20230214-WA0006-250x114.jpg 250w, https:\/\/site.educa.madrid.org\/cra.vegadetajuna.orusco\/\/wp-content\/uploads\/cra.vegadetajuna.orusco\/2023\/02\/IMG-20230214-WA0006-100x46.jpg 100w, https:\/\/site.educa.madrid.org\/cra.vegadetajuna.orusco\/\/wp-content\/uploads\/cra.vegadetajuna.orusco\/2023\/02\/IMG-20230214-WA0006.jpg 2000w\" sizes=\"auto, (max-width: 302px) 100vw, 302px\" \/><\/figure>\n\n\n\n<figure class=\"wp-block-video\"><video height=\"352\" style=\"aspect-ratio: 640 \/ 352;\" width=\"640\" controls src=\"https:\/\/site.educa.madrid.org\/cra.vegadetajuna.orusco\/\/wp-content\/uploads\/cra.vegadetajuna.orusco\/2023\/02\/VID-20230214-WA0010.mp4\"><\/video><\/figure>\n","protected":false},"excerpt":{"rendered":"<p>Ayer d\u00eda 14 de febrero, se celebr\u00f3 un peque\u00f1o sorteo en la clase de 5\u00ba y 6\u00ba de Villar del Olmo para premiar a la papeleta agraciada con la \u00abCesta Ib\u00e9rica\u00bb de entre todas las vendidas con motivo del viaje de fin de curso de l@s chic@s y con lo que se autofinancian la actividad. &hellip; <\/p>\n<p class=\"link-more\"><a href=\"https:\/\/site.educa.madrid.org\/cra.vegadetajuna.orusco\/index.php\/2023\/02\/15\/ya-hay-numero-premiado-con-la-cesta-de-villar\/\" class=\"more-link\">Continuar leyendo<span class=\"screen-reader-text\"> \u00ab\u00a1\u00a1YA HAY N\u00daMERO PREMIADO CON LA CESTA DE VILLAR!!\u00bb<\/span><\/a><\/p>\n","protected":false},"author":6,"featured_media":0,"comment_status":"open","ping_status":"open","sticky":false,"template":"","format":"standard","meta":{"footnotes":""},"categories":[1],"tags":[],"post_folder":[],"class_list":["post-1015","post","type-post","status-publish","format-standard","hentry","category-sin-categoria"],"rttpg_featured_image_url":null,"rttpg_author":{"display_name":"Cuenta Jestudios cra vegadetajuna orusco","author_link":"https:\/\/site.educa.madrid.org\/cra.vegadetajuna.orusco\/index.php\/author\/cuenta_jestudios-cra-vegadetajuna-orusco\/"},"rttpg_comment":0,"rttpg_category":"<a href=\"https:\/\/site.educa.madrid.org\/cra.vegadetajuna.orusco\/index.php\/category\/sin-categoria\/\" rel=\"category tag\">Sin categor\u00eda<\/a>","rttpg_excerpt":"Ayer d\u00eda 14 de febrero, se celebr\u00f3 un peque\u00f1o sorteo en la clase de 5\u00ba y 6\u00ba de Villar del Olmo para premiar a la papeleta agraciada con la \u00abCesta Ib\u00e9rica\u00bb de entre todas las vendidas con motivo del viaje de fin de curso de l@s chic@s y con lo que se autofinancian la actividad.&hellip;","post_mailing_queue_ids":[],"_links":{"self":[{"href":"https:\/\/site.educa.madrid.org\/cra.vegadetajuna.orusco\/index.php\/wp-json\/wp\/v2\/posts\/1015","targetHints":{"allow":["GET"]}}],"collection":[{"href":"https:\/\/site.educa.madrid.org\/cra.vegadetajuna.orusco\/index.php\/wp-json\/wp\/v2\/posts"}],"about":[{"href":"https:\/\/site.educa.madrid.org\/cra.vegadetajuna.orusco\/index.php\/wp-json\/wp\/v2\/types\/post"}],"author":[{"embeddable":true,"href":"https:\/\/site.educa.madrid.org\/cra.vegadetajuna.orusco\/index.php\/wp-json\/wp\/v2\/users\/6"}],"replies":[{"embeddable":true,"href":"https:\/\/site.educa.madrid.org\/cra.vegadetajuna.orusco\/index.php\/wp-json\/wp\/v2\/comments?post=1015"}],"version-history":[{"count":3,"href":"https:\/\/site.educa.madrid.org\/cra.vegadetajuna.orusco\/index.php\/wp-json\/wp\/v2\/posts\/1015\/revisions"}],"predecessor-version":[{"id":1023,"href":"https:\/\/site.educa.madrid.org\/cra.vegadetajuna.orusco\/index.php\/wp-json\/wp\/v2\/posts\/1015\/revisions\/1023"}],"wp:attachment":[{"href":"https:\/\/site.educa.madrid.org\/cra.vegadetajuna.orusco\/index.php\/wp-json\/wp\/v2\/media?parent=1015"}],"wp:term":[{"taxonomy":"category","embeddable":true,"href":"https:\/\/site.educa.madrid.org\/cra.vegadetajuna.orusco\/index.php\/wp-json\/wp\/v2\/categories?post=1015"},{"taxonomy":"post_tag","embeddable":true,"href":"https:\/\/site.educa.madrid.org\/cra.vegadetajuna.orusco\/index.php\/wp-json\/wp\/v2\/tags?post=1015"},{"taxonomy":"post_folder","embeddable":true,"href":"https:\/\/site.educa.madrid.org\/cra.vegadetajuna.orusco\/index.php\/wp-json\/wp\/v2\/post_folder?post=1015"}],"curies":[{"name":"wp","href":"https:\/\/api.w.org\/{rel}","templated":true}]}}