{"id":1027,"date":"2023-02-15T15:31:58","date_gmt":"2023-02-15T14:31:58","guid":{"rendered":"https:\/\/site.educa.madrid.org\/cra.vegadetajuna.orusco\/?p=1027"},"modified":"2023-02-15T15:31:58","modified_gmt":"2023-02-15T14:31:58","slug":"dia-mundial-del-cancer-infantil","status":"publish","type":"post","link":"https:\/\/site.educa.madrid.org\/cra.vegadetajuna.orusco\/index.php\/2023\/02\/15\/dia-mundial-del-cancer-infantil\/","title":{"rendered":"D\u00eda Mundial del C\u00e1ncer Infantil"},"content":{"rendered":"<p>Hoy 15 de febrero nos hemos unido al reto del pa\u00f1uelo en colaboraci\u00f3n con la Fundaci\u00f3n Aladina para dar visibilidad al d\u00eda Mundial del C\u00e1ncer infantil<\/p>\n<p>&nbsp;<\/p>\n<p>&nbsp;<\/p>\n","protected":false},"excerpt":{"rendered":"<p>Hoy 15 de febrero nos hemos unido al reto del pa\u00f1uelo en colaboraci\u00f3n con la Fundaci\u00f3n Aladina para dar visibilidad al d\u00eda Mundial del C\u00e1ncer infantil &nbsp; &nbsp;<\/p>\n","protected":false},"author":3,"featured_media":1029,"comment_status":"open","ping_status":"open","sticky":false,"template":"","format":"standard","meta":{"footnotes":""},"categories":[1],"tags":[],"post_folder":[],"class_list":["post-1027","post","type-post","status-publish","format-standard","has-post-thumbnail","hentry","category-sin-categoria"],"rttpg_featured_image_url":{"full":["https:\/\/site.educa.madrid.org\/cra.vegadetajuna.orusco\/\/wp-content\/uploads\/cra.vegadetajuna.orusco\/2023\/02\/WhatsApp-Image-2023-02-15-at-14.00.25.jpeg",2000,1500,false],"landscape":["https:\/\/site.educa.madrid.org\/cra.vegadetajuna.orusco\/\/wp-content\/uploads\/cra.vegadetajuna.orusco\/2023\/02\/WhatsApp-Image-2023-02-15-at-14.00.25.jpeg",2000,1500,false],"portraits":["https:\/\/site.educa.madrid.org\/cra.vegadetajuna.orusco\/\/wp-content\/uploads\/cra.vegadetajuna.orusco\/2023\/02\/WhatsApp-Image-2023-02-15-at-14.00.25.jpeg",2000,1500,false],"thumbnail":["https:\/\/site.educa.madrid.org\/cra.vegadetajuna.orusco\/\/wp-content\/uploads\/cra.vegadetajuna.orusco\/2023\/02\/WhatsApp-Image-2023-02-15-at-14.00.25-150x150.jpeg",150,150,true],"medium":["https:\/\/site.educa.madrid.org\/cra.vegadetajuna.orusco\/\/wp-content\/uploads\/cra.vegadetajuna.orusco\/2023\/02\/WhatsApp-Image-2023-02-15-at-14.00.25-300x225.jpeg",300,225,true],"large":["https:\/\/site.educa.madrid.org\/cra.vegadetajuna.orusco\/\/wp-content\/uploads\/cra.vegadetajuna.orusco\/2023\/02\/WhatsApp-Image-2023-02-15-at-14.00.25-1024x768.jpeg",525,394,true],"thumblist":["https:\/\/site.educa.madrid.org\/cra.vegadetajuna.orusco\/\/wp-content\/uploads\/cra.vegadetajuna.orusco\/2023\/02\/WhatsApp-Image-2023-02-15-at-14.00.25-300x300.jpeg",300,300,true],"thumbrelated":["https:\/\/site.educa.madrid.org\/cra.vegadetajuna.orusco\/\/wp-content\/uploads\/cra.vegadetajuna.orusco\/2023\/02\/WhatsApp-Image-2023-02-15-at-14.00.25.jpeg",500,375,false],"meccarouselthumb":["https:\/\/site.educa.madrid.org\/cra.vegadetajuna.orusco\/\/wp-content\/uploads\/cra.vegadetajuna.orusco\/2023\/02\/WhatsApp-Image-2023-02-15-at-14.00.25-474x324.jpeg",474,324,true],"gridsquare":["https:\/\/site.educa.madrid.org\/cra.vegadetajuna.orusco\/\/wp-content\/uploads\/cra.vegadetajuna.orusco\/2023\/02\/WhatsApp-Image-2023-02-15-at-14.00.25-391x260.jpeg",391,260,true],"tileview":["https:\/\/site.educa.madrid.org\/cra.vegadetajuna.orusco\/\/wp-content\/uploads\/cra.vegadetajuna.orusco\/2023\/02\/WhatsApp-Image-2023-02-15-at-14.00.25-300x400.jpeg",300,400,true],"1536x1536":["https:\/\/site.educa.madrid.org\/cra.vegadetajuna.orusco\/\/wp-content\/uploads\/cra.vegadetajuna.orusco\/2023\/02\/WhatsApp-Image-2023-02-15-at-14.00.25-1536x1152.jpeg",1536,1152,true],"2048x2048":["https:\/\/site.educa.madrid.org\/cra.vegadetajuna.orusco\/\/wp-content\/uploads\/cra.vegadetajuna.orusco\/2023\/02\/WhatsApp-Image-2023-02-15-at-14.00.25.jpeg",2000,1500,false],"twentyseventeen-featured-image":["https:\/\/site.educa.madrid.org\/cra.vegadetajuna.orusco\/\/wp-content\/uploads\/cra.vegadetajuna.orusco\/2023\/02\/WhatsApp-Image-2023-02-15-at-14.00.25.jpeg",1600,1200,false],"twentyseventeen-thumbnail-avatar":["https:\/\/site.educa.madrid.org\/cra.vegadetajuna.orusco\/\/wp-content\/uploads\/cra.vegadetajuna.orusco\/2023\/02\/WhatsApp-Image-2023-02-15-at-14.00.25.jpeg",100,75,false],"sow-carousel-default":["https:\/\/site.educa.madrid.org\/cra.vegadetajuna.orusco\/\/wp-content\/uploads\/cra.vegadetajuna.orusco\/2023\/02\/WhatsApp-Image-2023-02-15-at-14.00.25-272x182.jpeg",272,182,true],"sow-post-carousel-overlay-theme":["https:\/\/site.educa.madrid.org\/cra.vegadetajuna.orusco\/\/wp-content\/uploads\/cra.vegadetajuna.orusco\/2023\/02\/WhatsApp-Image-2023-02-15-at-14.00.25.jpeg",360,270,false],"sow-post-carousel-cards-theme":["https:\/\/site.educa.madrid.org\/cra.vegadetajuna.orusco\/\/wp-content\/uploads\/cra.vegadetajuna.orusco\/2023\/02\/WhatsApp-Image-2023-02-15-at-14.00.25.jpeg",320,240,false],"rt_custom":["https:\/\/site.educa.madrid.org\/cra.vegadetajuna.orusco\/\/wp-content\/uploads\/cra.vegadetajuna.orusco\/2023\/02\/WhatsApp-Image-2023-02-15-at-14.00.25.jpeg",2000,1500,false]},"rttpg_author":{"display_name":"cra.vegadetajuna.orusco","author_link":"https:\/\/site.educa.madrid.org\/cra.vegadetajuna.orusco\/index.php\/author\/cuenta_cra-vegadetajuna-orusco\/"},"rttpg_comment":0,"rttpg_category":"<a href=\"https:\/\/site.educa.madrid.org\/cra.vegadetajuna.orusco\/index.php\/category\/sin-categoria\/\" rel=\"category tag\">Sin categor\u00eda<\/a>","rttpg_excerpt":"Hoy 15 de febrero nos hemos unido al reto del pa\u00f1uelo en colaboraci\u00f3n con la Fundaci\u00f3n Aladina para dar visibilidad al d\u00eda Mundial del C\u00e1ncer infantil &nbsp; &nbsp;","post_mailing_queue_ids":[],"_links":{"self":[{"href":"https:\/\/site.educa.madrid.org\/cra.vegadetajuna.orusco\/index.php\/wp-json\/wp\/v2\/posts\/1027","targetHints":{"allow":["GET"]}}],"collection":[{"href":"https:\/\/site.educa.madrid.org\/cra.vegadetajuna.orusco\/index.php\/wp-json\/wp\/v2\/posts"}],"about":[{"href":"https:\/\/site.educa.madrid.org\/cra.vegadetajuna.orusco\/index.php\/wp-json\/wp\/v2\/types\/post"}],"author":[{"embeddable":true,"href":"https:\/\/site.educa.madrid.org\/cra.vegadetajuna.orusco\/index.php\/wp-json\/wp\/v2\/users\/3"}],"replies":[{"embeddable":true,"href":"https:\/\/site.educa.madrid.org\/cra.vegadetajuna.orusco\/index.php\/wp-json\/wp\/v2\/comments?post=1027"}],"version-history":[{"count":2,"href":"https:\/\/site.educa.madrid.org\/cra.vegadetajuna.orusco\/index.php\/wp-json\/wp\/v2\/posts\/1027\/revisions"}],"predecessor-version":[{"id":1031,"href":"https:\/\/site.educa.madrid.org\/cra.vegadetajuna.orusco\/index.php\/wp-json\/wp\/v2\/posts\/1027\/revisions\/1031"}],"wp:featuredmedia":[{"embeddable":true,"href":"https:\/\/site.educa.madrid.org\/cra.vegadetajuna.orusco\/index.php\/wp-json\/wp\/v2\/media\/1029"}],"wp:attachment":[{"href":"https:\/\/site.educa.madrid.org\/cra.vegadetajuna.orusco\/index.php\/wp-json\/wp\/v2\/media?parent=1027"}],"wp:term":[{"taxonomy":"category","embeddable":true,"href":"https:\/\/site.educa.madrid.org\/cra.vegadetajuna.orusco\/index.php\/wp-json\/wp\/v2\/categories?post=1027"},{"taxonomy":"post_tag","embeddable":true,"href":"https:\/\/site.educa.madrid.org\/cra.vegadetajuna.orusco\/index.php\/wp-json\/wp\/v2\/tags?post=1027"},{"taxonomy":"post_folder","embeddable":true,"href":"https:\/\/site.educa.madrid.org\/cra.vegadetajuna.orusco\/index.php\/wp-json\/wp\/v2\/post_folder?post=1027"}],"curies":[{"name":"wp","href":"https:\/\/api.w.org\/{rel}","templated":true}]}}