{"id":1292,"date":"2024-03-11T14:21:38","date_gmt":"2024-03-11T13:21:38","guid":{"rendered":"https:\/\/site.educa.madrid.org\/cra.vegadetajuna.orusco\/?p=1292"},"modified":"2024-03-11T14:31:18","modified_gmt":"2024-03-11T13:31:18","slug":"panuelo-challenge","status":"publish","type":"post","link":"https:\/\/site.educa.madrid.org\/cra.vegadetajuna.orusco\/index.php\/2024\/03\/11\/panuelo-challenge\/","title":{"rendered":"PA\u00d1UELO CHALLENGE"},"content":{"rendered":"<p><img loading=\"lazy\" decoding=\"async\" class=\"wp-image-1293 size-full alignleft\" src=\"https:\/\/site.educa.madrid.org\/cra.vegadetajuna.orusco\/\/wp-content\/uploads\/cra.vegadetajuna.orusco\/2024\/03\/Crowd-Panuelo-Challenge-1-960x720-1.jpg\" alt=\"\" width=\"960\" height=\"720\" srcset=\"https:\/\/site.educa.madrid.org\/cra.vegadetajuna.orusco\/\/wp-content\/uploads\/cra.vegadetajuna.orusco\/2024\/03\/Crowd-Panuelo-Challenge-1-960x720-1.jpg 960w, https:\/\/site.educa.madrid.org\/cra.vegadetajuna.orusco\/\/wp-content\/uploads\/cra.vegadetajuna.orusco\/2024\/03\/Crowd-Panuelo-Challenge-1-960x720-1-300x225.jpg 300w, https:\/\/site.educa.madrid.org\/cra.vegadetajuna.orusco\/\/wp-content\/uploads\/cra.vegadetajuna.orusco\/2024\/03\/Crowd-Panuelo-Challenge-1-960x720-1-768x576.jpg 768w\" sizes=\"auto, (max-width: 767px) 89vw, (max-width: 1000px) 54vw, (max-width: 1071px) 543px, 580px\" \/><\/p>\n<p>&nbsp;<\/p>\n<p>&nbsp;<\/p>\n<p>&nbsp;<\/p>\n<p>Desde el<strong> CRA VEGA DE TAJU\u00d1A<\/strong> informamos que hemos conseguido recaudar <strong>335\u20ac<\/strong> para esta causa<\/p>\n<p>Con la campa\u00f1a del\u00a0<b>Pa\u00f1uelo Challenge<\/b> de la <em>Fundaci\u00f3n Aladina,<\/em> se ha querido dar visibilidad al c\u00e1ncer infantil .<\/p>\n<p>Muchas Gracias por la colaboraci\u00f3n<\/p>\n","protected":false},"excerpt":{"rendered":"<p>&nbsp; &nbsp; &nbsp; Desde el CRA VEGA DE TAJU\u00d1A informamos que hemos conseguido recaudar 335\u20ac para esta causa Con la campa\u00f1a del\u00a0Pa\u00f1uelo Challenge de la Fundaci\u00f3n Aladina, se ha querido dar visibilidad al c\u00e1ncer infantil . Muchas Gracias por la colaboraci\u00f3n<\/p>\n","protected":false},"author":3,"featured_media":0,"comment_status":"open","ping_status":"open","sticky":false,"template":"","format":"standard","meta":{"footnotes":""},"categories":[3],"tags":[],"post_folder":[],"class_list":["post-1292","post","type-post","status-publish","format-standard","hentry","category-cra-vega-de-tajuna"],"rttpg_featured_image_url":null,"rttpg_author":{"display_name":"cra.vegadetajuna.orusco","author_link":"https:\/\/site.educa.madrid.org\/cra.vegadetajuna.orusco\/index.php\/author\/cuenta_cra-vegadetajuna-orusco\/"},"rttpg_comment":0,"rttpg_category":"<a href=\"https:\/\/site.educa.madrid.org\/cra.vegadetajuna.orusco\/index.php\/category\/cra-vega-de-tajuna\/\" rel=\"category tag\">CRA VEGA DE TAJU\u00d1A<\/a>","rttpg_excerpt":"&nbsp; &nbsp; &nbsp; Desde el CRA VEGA DE TAJU\u00d1A informamos que hemos conseguido recaudar 335\u20ac para esta causa Con la campa\u00f1a del\u00a0Pa\u00f1uelo Challenge de la Fundaci\u00f3n Aladina, se ha querido dar visibilidad al c\u00e1ncer infantil . Muchas Gracias por la colaboraci\u00f3n","post_mailing_queue_ids":[],"_links":{"self":[{"href":"https:\/\/site.educa.madrid.org\/cra.vegadetajuna.orusco\/index.php\/wp-json\/wp\/v2\/posts\/1292","targetHints":{"allow":["GET"]}}],"collection":[{"href":"https:\/\/site.educa.madrid.org\/cra.vegadetajuna.orusco\/index.php\/wp-json\/wp\/v2\/posts"}],"about":[{"href":"https:\/\/site.educa.madrid.org\/cra.vegadetajuna.orusco\/index.php\/wp-json\/wp\/v2\/types\/post"}],"author":[{"embeddable":true,"href":"https:\/\/site.educa.madrid.org\/cra.vegadetajuna.orusco\/index.php\/wp-json\/wp\/v2\/users\/3"}],"replies":[{"embeddable":true,"href":"https:\/\/site.educa.madrid.org\/cra.vegadetajuna.orusco\/index.php\/wp-json\/wp\/v2\/comments?post=1292"}],"version-history":[{"count":1,"href":"https:\/\/site.educa.madrid.org\/cra.vegadetajuna.orusco\/index.php\/wp-json\/wp\/v2\/posts\/1292\/revisions"}],"predecessor-version":[{"id":1294,"href":"https:\/\/site.educa.madrid.org\/cra.vegadetajuna.orusco\/index.php\/wp-json\/wp\/v2\/posts\/1292\/revisions\/1294"}],"wp:attachment":[{"href":"https:\/\/site.educa.madrid.org\/cra.vegadetajuna.orusco\/index.php\/wp-json\/wp\/v2\/media?parent=1292"}],"wp:term":[{"taxonomy":"category","embeddable":true,"href":"https:\/\/site.educa.madrid.org\/cra.vegadetajuna.orusco\/index.php\/wp-json\/wp\/v2\/categories?post=1292"},{"taxonomy":"post_tag","embeddable":true,"href":"https:\/\/site.educa.madrid.org\/cra.vegadetajuna.orusco\/index.php\/wp-json\/wp\/v2\/tags?post=1292"},{"taxonomy":"post_folder","embeddable":true,"href":"https:\/\/site.educa.madrid.org\/cra.vegadetajuna.orusco\/index.php\/wp-json\/wp\/v2\/post_folder?post=1292"}],"curies":[{"name":"wp","href":"https:\/\/api.w.org\/{rel}","templated":true}]}}