{"id":1335,"date":"2024-03-21T09:48:02","date_gmt":"2024-03-21T08:48:02","guid":{"rendered":"https:\/\/site.educa.madrid.org\/cra.vegadetajuna.orusco\/?p=1335"},"modified":"2024-03-21T09:52:54","modified_gmt":"2024-03-21T08:52:54","slug":"programa-de-radio-rtve","status":"publish","type":"post","link":"https:\/\/site.educa.madrid.org\/cra.vegadetajuna.orusco\/index.php\/2024\/03\/21\/programa-de-radio-rtve\/","title":{"rendered":"PROGRAMA DE RADIO RTVE"},"content":{"rendered":"<p>Nuestro alumnado de cuarto, quinto y sexto de Primaria han participado\u00a0en el programa de radio,<strong>\u00a0CRESCENDO<\/strong>! Que Radio Cl\u00e1sica de RTVE emite todos los domingos en sus diferentes canales de difusi\u00f3n.<\/p>\n<p>Han preparado un programa en el que vais a descubrir m<img loading=\"lazy\" decoding=\"async\" class=\"size-medium wp-image-1337 alignleft\" src=\"https:\/\/site.educa.madrid.org\/cra.vegadetajuna.orusco\/\/wp-content\/uploads\/cra.vegadetajuna.orusco\/2024\/03\/Radio-2-300x131.png\" alt=\"\" width=\"300\" height=\"131\" srcset=\"https:\/\/site.educa.madrid.org\/cra.vegadetajuna.orusco\/\/wp-content\/uploads\/cra.vegadetajuna.orusco\/2024\/03\/Radio-2-300x131.png 300w, https:\/\/site.educa.madrid.org\/cra.vegadetajuna.orusco\/\/wp-content\/uploads\/cra.vegadetajuna.orusco\/2024\/03\/Radio-2.png 705w\" sizes=\"auto, (max-width: 300px) 100vw, 300px\" \/>uchas curiosidades sobre dos g\u00e9neros musicales muy famosos. Hasta aqu\u00ed podemos contaros\u2026\u00a0lo que s\u00ed que os podemos decir es que los profes estamos muy orgullosos de su trabajo.<\/p>\n<p>Pincha en el siguiente enlace para escuchar el programa<\/p>\n<p><a href=\"https:\/\/www.rtve.es\/play\/audios\/crescendo\/jazz-infantil-marsalis-17-03-24\/16019164\/\" target=\"_blank\" rel=\"noopener\">PROGRAMA DE RADIO<\/a><\/p>\n<p><strong>\u00a1No os lo pod\u00e9is perder!<\/strong>\u00a0Lo\u00a0han hecho genial y algunas de sus explicaciones no os dejar\u00e1n indiferentes.<\/p>\n","protected":false},"excerpt":{"rendered":"<p>Nuestro alumnado de cuarto, quinto y sexto de Primaria han participado\u00a0en el programa de radio,\u00a0CRESCENDO! Que Radio Cl\u00e1sica de RTVE emite todos los domingos en sus diferentes canales de difusi\u00f3n. Han preparado un programa en el que vais a descubrir muchas curiosidades sobre dos g\u00e9neros musicales muy famosos. Hasta aqu\u00ed podemos contaros\u2026\u00a0lo que s\u00ed que &hellip; <\/p>\n<p class=\"link-more\"><a href=\"https:\/\/site.educa.madrid.org\/cra.vegadetajuna.orusco\/index.php\/2024\/03\/21\/programa-de-radio-rtve\/\" class=\"more-link\">Continuar leyendo<span class=\"screen-reader-text\"> \u00abPROGRAMA DE RADIO RTVE\u00bb<\/span><\/a><\/p>\n","protected":false},"author":3,"featured_media":0,"comment_status":"open","ping_status":"open","sticky":false,"template":"","format":"standard","meta":{"footnotes":""},"categories":[1],"tags":[],"post_folder":[],"class_list":["post-1335","post","type-post","status-publish","format-standard","hentry","category-sin-categoria"],"rttpg_featured_image_url":null,"rttpg_author":{"display_name":"cra.vegadetajuna.orusco","author_link":"https:\/\/site.educa.madrid.org\/cra.vegadetajuna.orusco\/index.php\/author\/cuenta_cra-vegadetajuna-orusco\/"},"rttpg_comment":0,"rttpg_category":"<a href=\"https:\/\/site.educa.madrid.org\/cra.vegadetajuna.orusco\/index.php\/category\/sin-categoria\/\" rel=\"category tag\">Sin categor\u00eda<\/a>","rttpg_excerpt":"Nuestro alumnado de cuarto, quinto y sexto de Primaria han participado\u00a0en el programa de radio,\u00a0CRESCENDO! Que Radio Cl\u00e1sica de RTVE emite todos los domingos en sus diferentes canales de difusi\u00f3n. Han preparado un programa en el que vais a descubrir muchas curiosidades sobre dos g\u00e9neros musicales muy famosos. Hasta aqu\u00ed podemos contaros\u2026\u00a0lo que s\u00ed que&hellip;","post_mailing_queue_ids":[],"_links":{"self":[{"href":"https:\/\/site.educa.madrid.org\/cra.vegadetajuna.orusco\/index.php\/wp-json\/wp\/v2\/posts\/1335","targetHints":{"allow":["GET"]}}],"collection":[{"href":"https:\/\/site.educa.madrid.org\/cra.vegadetajuna.orusco\/index.php\/wp-json\/wp\/v2\/posts"}],"about":[{"href":"https:\/\/site.educa.madrid.org\/cra.vegadetajuna.orusco\/index.php\/wp-json\/wp\/v2\/types\/post"}],"author":[{"embeddable":true,"href":"https:\/\/site.educa.madrid.org\/cra.vegadetajuna.orusco\/index.php\/wp-json\/wp\/v2\/users\/3"}],"replies":[{"embeddable":true,"href":"https:\/\/site.educa.madrid.org\/cra.vegadetajuna.orusco\/index.php\/wp-json\/wp\/v2\/comments?post=1335"}],"version-history":[{"count":3,"href":"https:\/\/site.educa.madrid.org\/cra.vegadetajuna.orusco\/index.php\/wp-json\/wp\/v2\/posts\/1335\/revisions"}],"predecessor-version":[{"id":1339,"href":"https:\/\/site.educa.madrid.org\/cra.vegadetajuna.orusco\/index.php\/wp-json\/wp\/v2\/posts\/1335\/revisions\/1339"}],"wp:attachment":[{"href":"https:\/\/site.educa.madrid.org\/cra.vegadetajuna.orusco\/index.php\/wp-json\/wp\/v2\/media?parent=1335"}],"wp:term":[{"taxonomy":"category","embeddable":true,"href":"https:\/\/site.educa.madrid.org\/cra.vegadetajuna.orusco\/index.php\/wp-json\/wp\/v2\/categories?post=1335"},{"taxonomy":"post_tag","embeddable":true,"href":"https:\/\/site.educa.madrid.org\/cra.vegadetajuna.orusco\/index.php\/wp-json\/wp\/v2\/tags?post=1335"},{"taxonomy":"post_folder","embeddable":true,"href":"https:\/\/site.educa.madrid.org\/cra.vegadetajuna.orusco\/index.php\/wp-json\/wp\/v2\/post_folder?post=1335"}],"curies":[{"name":"wp","href":"https:\/\/api.w.org\/{rel}","templated":true}]}}