{"id":1603,"date":"2025-02-07T10:41:45","date_gmt":"2025-02-07T09:41:45","guid":{"rendered":"https:\/\/site.educa.madrid.org\/cra.vegadetajuna.orusco\/?p=1603"},"modified":"2025-02-07T10:41:45","modified_gmt":"2025-02-07T09:41:45","slug":"jornada-de-puertas-abiertas","status":"publish","type":"post","link":"https:\/\/site.educa.madrid.org\/cra.vegadetajuna.orusco\/index.php\/2025\/02\/07\/jornada-de-puertas-abiertas\/","title":{"rendered":"JORNADA DE PUERTAS ABIERTAS"},"content":{"rendered":"<p>Durante el mes de febrero vamos a establecer unos d\u00edas de jornadas de puertas abiertas\u00a0 para las familias.\u00a0 As\u00ed, se podr\u00e1n acercar a nuestros colegios (Ambite, Orusco, Villar y Pozuelo) y conocer las instalaciones, equipo docente, y metodolog\u00eda.<\/p>\n<p>Los d\u00edas ser\u00e1n el 10, 11, 13, 20 y 25 de FEBRERO de 14:15 a 15:15 horas<\/p>\n<p>Os esperamos<\/p>\n<p>&nbsp;<\/p>\n","protected":false},"excerpt":{"rendered":"<p>Durante el mes de febrero vamos a establecer unos d\u00edas de jornadas de puertas abiertas\u00a0 para las familias.\u00a0 As\u00ed, se podr\u00e1n acercar a nuestros colegios (Ambite, Orusco, Villar y Pozuelo) y conocer las instalaciones, equipo docente, y metodolog\u00eda. Los d\u00edas ser\u00e1n el 10, 11, 13, 20 y 25 de FEBRERO de 14:15 a 15:15 horas &hellip; <\/p>\n<p class=\"link-more\"><a href=\"https:\/\/site.educa.madrid.org\/cra.vegadetajuna.orusco\/index.php\/2025\/02\/07\/jornada-de-puertas-abiertas\/\" class=\"more-link\">Continuar leyendo<span class=\"screen-reader-text\"> \u00abJORNADA DE PUERTAS ABIERTAS\u00bb<\/span><\/a><\/p>\n","protected":false},"author":3,"featured_media":1601,"comment_status":"open","ping_status":"open","sticky":false,"template":"","format":"standard","meta":{"footnotes":""},"categories":[1],"tags":[],"post_folder":[],"class_list":["post-1603","post","type-post","status-publish","format-standard","has-post-thumbnail","hentry","category-sin-categoria"],"rttpg_featured_image_url":{"full":["https:\/\/site.educa.madrid.org\/cra.vegadetajuna.orusco\/\/wp-content\/uploads\/cra.vegadetajuna.orusco\/2025\/02\/JORNADAS-PUERTAS-ABIERTAS.png",1080,1080,false],"landscape":["https:\/\/site.educa.madrid.org\/cra.vegadetajuna.orusco\/\/wp-content\/uploads\/cra.vegadetajuna.orusco\/2025\/02\/JORNADAS-PUERTAS-ABIERTAS.png",1080,1080,false],"portraits":["https:\/\/site.educa.madrid.org\/cra.vegadetajuna.orusco\/\/wp-content\/uploads\/cra.vegadetajuna.orusco\/2025\/02\/JORNADAS-PUERTAS-ABIERTAS.png",1080,1080,false],"thumbnail":["https:\/\/site.educa.madrid.org\/cra.vegadetajuna.orusco\/\/wp-content\/uploads\/cra.vegadetajuna.orusco\/2025\/02\/JORNADAS-PUERTAS-ABIERTAS-150x150.png",150,150,true],"medium":["https:\/\/site.educa.madrid.org\/cra.vegadetajuna.orusco\/\/wp-content\/uploads\/cra.vegadetajuna.orusco\/2025\/02\/JORNADAS-PUERTAS-ABIERTAS-300x300.png",300,300,true],"large":["https:\/\/site.educa.madrid.org\/cra.vegadetajuna.orusco\/\/wp-content\/uploads\/cra.vegadetajuna.orusco\/2025\/02\/JORNADAS-PUERTAS-ABIERTAS-1024x1024.png",525,525,true],"thumblist":["https:\/\/site.educa.madrid.org\/cra.vegadetajuna.orusco\/\/wp-content\/uploads\/cra.vegadetajuna.orusco\/2025\/02\/JORNADAS-PUERTAS-ABIERTAS-300x300.png",300,300,true],"thumbrelated":["https:\/\/site.educa.madrid.org\/cra.vegadetajuna.orusco\/\/wp-content\/uploads\/cra.vegadetajuna.orusco\/2025\/02\/JORNADAS-PUERTAS-ABIERTAS-500x500.png",500,500,true],"meccarouselthumb":["https:\/\/site.educa.madrid.org\/cra.vegadetajuna.orusco\/\/wp-content\/uploads\/cra.vegadetajuna.orusco\/2025\/02\/JORNADAS-PUERTAS-ABIERTAS-474x324.png",474,324,true],"gridsquare":["https:\/\/site.educa.madrid.org\/cra.vegadetajuna.orusco\/\/wp-content\/uploads\/cra.vegadetajuna.orusco\/2025\/02\/JORNADAS-PUERTAS-ABIERTAS-391x260.png",391,260,true],"tileview":["https:\/\/site.educa.madrid.org\/cra.vegadetajuna.orusco\/\/wp-content\/uploads\/cra.vegadetajuna.orusco\/2025\/02\/JORNADAS-PUERTAS-ABIERTAS-300x400.png",300,400,true],"1536x1536":["https:\/\/site.educa.madrid.org\/cra.vegadetajuna.orusco\/\/wp-content\/uploads\/cra.vegadetajuna.orusco\/2025\/02\/JORNADAS-PUERTAS-ABIERTAS.png",1080,1080,false],"2048x2048":["https:\/\/site.educa.madrid.org\/cra.vegadetajuna.orusco\/\/wp-content\/uploads\/cra.vegadetajuna.orusco\/2025\/02\/JORNADAS-PUERTAS-ABIERTAS.png",1080,1080,false],"twentyseventeen-featured-image":["https:\/\/site.educa.madrid.org\/cra.vegadetajuna.orusco\/\/wp-content\/uploads\/cra.vegadetajuna.orusco\/2025\/02\/JORNADAS-PUERTAS-ABIERTAS.png",1080,1080,false],"twentyseventeen-thumbnail-avatar":["https:\/\/site.educa.madrid.org\/cra.vegadetajuna.orusco\/\/wp-content\/uploads\/cra.vegadetajuna.orusco\/2025\/02\/JORNADAS-PUERTAS-ABIERTAS-100x100.png",100,100,true],"sow-carousel-default":["https:\/\/site.educa.madrid.org\/cra.vegadetajuna.orusco\/\/wp-content\/uploads\/cra.vegadetajuna.orusco\/2025\/02\/JORNADAS-PUERTAS-ABIERTAS-272x182.png",272,182,true],"sow-post-carousel-overlay-theme":["https:\/\/site.educa.madrid.org\/cra.vegadetajuna.orusco\/\/wp-content\/uploads\/cra.vegadetajuna.orusco\/2025\/02\/JORNADAS-PUERTAS-ABIERTAS.png",360,360,false],"sow-post-carousel-cards-theme":["https:\/\/site.educa.madrid.org\/cra.vegadetajuna.orusco\/\/wp-content\/uploads\/cra.vegadetajuna.orusco\/2025\/02\/JORNADAS-PUERTAS-ABIERTAS.png",240,240,false],"rt_custom":["https:\/\/site.educa.madrid.org\/cra.vegadetajuna.orusco\/\/wp-content\/uploads\/cra.vegadetajuna.orusco\/2025\/02\/JORNADAS-PUERTAS-ABIERTAS.png",1080,1080,false]},"rttpg_author":{"display_name":"cra.vegadetajuna.orusco","author_link":"https:\/\/site.educa.madrid.org\/cra.vegadetajuna.orusco\/index.php\/author\/cuenta_cra-vegadetajuna-orusco\/"},"rttpg_comment":0,"rttpg_category":"<a href=\"https:\/\/site.educa.madrid.org\/cra.vegadetajuna.orusco\/index.php\/category\/sin-categoria\/\" rel=\"category tag\">Sin categor\u00eda<\/a>","rttpg_excerpt":"Durante el mes de febrero vamos a establecer unos d\u00edas de jornadas de puertas abiertas\u00a0 para las familias.\u00a0 As\u00ed, se podr\u00e1n acercar a nuestros colegios (Ambite, Orusco, Villar y Pozuelo) y conocer las instalaciones, equipo docente, y metodolog\u00eda. Los d\u00edas ser\u00e1n el 10, 11, 13, 20 y 25 de FEBRERO de 14:15 a 15:15 horas&hellip;","post_mailing_queue_ids":[],"_links":{"self":[{"href":"https:\/\/site.educa.madrid.org\/cra.vegadetajuna.orusco\/index.php\/wp-json\/wp\/v2\/posts\/1603","targetHints":{"allow":["GET"]}}],"collection":[{"href":"https:\/\/site.educa.madrid.org\/cra.vegadetajuna.orusco\/index.php\/wp-json\/wp\/v2\/posts"}],"about":[{"href":"https:\/\/site.educa.madrid.org\/cra.vegadetajuna.orusco\/index.php\/wp-json\/wp\/v2\/types\/post"}],"author":[{"embeddable":true,"href":"https:\/\/site.educa.madrid.org\/cra.vegadetajuna.orusco\/index.php\/wp-json\/wp\/v2\/users\/3"}],"replies":[{"embeddable":true,"href":"https:\/\/site.educa.madrid.org\/cra.vegadetajuna.orusco\/index.php\/wp-json\/wp\/v2\/comments?post=1603"}],"version-history":[{"count":1,"href":"https:\/\/site.educa.madrid.org\/cra.vegadetajuna.orusco\/index.php\/wp-json\/wp\/v2\/posts\/1603\/revisions"}],"predecessor-version":[{"id":1604,"href":"https:\/\/site.educa.madrid.org\/cra.vegadetajuna.orusco\/index.php\/wp-json\/wp\/v2\/posts\/1603\/revisions\/1604"}],"wp:featuredmedia":[{"embeddable":true,"href":"https:\/\/site.educa.madrid.org\/cra.vegadetajuna.orusco\/index.php\/wp-json\/wp\/v2\/media\/1601"}],"wp:attachment":[{"href":"https:\/\/site.educa.madrid.org\/cra.vegadetajuna.orusco\/index.php\/wp-json\/wp\/v2\/media?parent=1603"}],"wp:term":[{"taxonomy":"category","embeddable":true,"href":"https:\/\/site.educa.madrid.org\/cra.vegadetajuna.orusco\/index.php\/wp-json\/wp\/v2\/categories?post=1603"},{"taxonomy":"post_tag","embeddable":true,"href":"https:\/\/site.educa.madrid.org\/cra.vegadetajuna.orusco\/index.php\/wp-json\/wp\/v2\/tags?post=1603"},{"taxonomy":"post_folder","embeddable":true,"href":"https:\/\/site.educa.madrid.org\/cra.vegadetajuna.orusco\/index.php\/wp-json\/wp\/v2\/post_folder?post=1603"}],"curies":[{"name":"wp","href":"https:\/\/api.w.org\/{rel}","templated":true}]}}