{"id":1857,"date":"2025-06-18T00:44:10","date_gmt":"2025-06-17T22:44:10","guid":{"rendered":"https:\/\/site.educa.madrid.org\/cra.vegadetajuna.orusco\/?p=1857"},"modified":"2025-06-18T00:44:10","modified_gmt":"2025-06-17T22:44:10","slug":"becas-comedor-2025-2026","status":"publish","type":"post","link":"https:\/\/site.educa.madrid.org\/cra.vegadetajuna.orusco\/index.php\/2025\/06\/18\/becas-comedor-2025-2026\/","title":{"rendered":"BECAS COMEDOR 2025-2026"},"content":{"rendered":"El <strong>mi\u00e9rcoles 18 de junio<\/strong> se abre el plazo para la presentaci\u00f3n de las becas de comedor del curso 25\/26 <strong>hasta el 15 de julio (ambos inclusive).<\/strong>\r\n\r\n\r\n\r\n<strong>\u00a0Las familias podr\u00e1n <\/strong><mark class=\"has-inline-color\"><strong>presentar la documentaci\u00f3n preferentemente de forma telem\u00e1tica<\/strong> <\/mark>\r\n\r\n \r\n\r\n<strong>Si se presenta de forma<mark class=\"has-inline-color has-black-color\"> presencial en el CENTRO<\/mark> el plazo es <mark class=\"has-inline-color\">hasta el 30 de junio inclusive.<\/mark><\/strong>\r\n\r\n \r\n\r\nDe forma telem\u00e1tica, se podr\u00e1 realizar el tr\u00e1mite accediendo a trav\u00e9s de Cuenta Digital, <a href=\"https:\/\/urldefense.com\/v3\/__https:\/\/digital.comunidad.madrid\/acceso__;!!D9dNQwwGXtA!SCF5dIejCSbQ0jEZd-4-SB7H7wCYsJ7zZvgspyL7u6xL_fvr5Kzuq2Q5OvXfcX7a5mrhhoaM1lexcwPjrTGW3X5RHbAEhWvULMZMj6BHEUXT$\">CUENTA DIGITAL DE LA COMUNIDAD DE MADRID<\/a> o a trav\u00e9s de este enlace: <a href=\"https:\/\/urldefense.com\/v3\/__https:\/\/sede.comunidad.madrid\/ayudas-becas-subvenciones\/becas-comedor-escolar-2025-2026__;!!D9dNQwwGXtA!SCF5dIejCSbQ0jEZd-4-SB7H7wCYsJ7zZvgspyL7u6xL_fvr5Kzuq2Q5OvXfcX7a5mrhhoaM1lexcwPjrTGW3X5RHbAEhWvULMZMj1aS6Yyr$\">Becas para el comedor escolar<\/a>.\r\n\r\n\r\n\r\nPara m\u00e1s informaci\u00f3n pinchad en el siguiente enlace:\r\n\r\n<a href=\"https:\/\/site.educa.madrid.org\/cra.vegadetajuna.orusco\/index.php\/becas-comedor\/\" target=\"_blank\" rel=\"noopener\">BECAS COMEDOR<\/a>","protected":false},"excerpt":{"rendered":"<p>El mi\u00e9rcoles 18 de junio se abre el plazo para la presentaci\u00f3n de las becas de comedor del curso 25\/26 hasta el 15 de julio (ambos inclusive). \u00a0Las familias podr\u00e1n presentar la documentaci\u00f3n preferentemente de forma telem\u00e1tica Si se presenta de forma presencial en el CENTRO el plazo es hasta el 30 de junio inclusive. &hellip; <\/p>\n<p class=\"link-more\"><a href=\"https:\/\/site.educa.madrid.org\/cra.vegadetajuna.orusco\/index.php\/2025\/06\/18\/becas-comedor-2025-2026\/\" class=\"more-link\">Continuar leyendo<span class=\"screen-reader-text\"> \u00abBECAS COMEDOR 2025-2026\u00bb<\/span><\/a><\/p>\n","protected":false},"author":2,"featured_media":0,"comment_status":"open","ping_status":"open","sticky":false,"template":"","format":"standard","meta":{"footnotes":""},"categories":[1],"tags":[],"post_folder":[],"class_list":["post-1857","post","type-post","status-publish","format-standard","hentry","category-sin-categoria"],"rttpg_featured_image_url":null,"rttpg_author":{"display_name":"tic.cra.vegadetajuna.orusco","author_link":"https:\/\/site.educa.madrid.org\/cra.vegadetajuna.orusco\/index.php\/author\/cuenta_tic-cra-vegadetajuna-orusco\/"},"rttpg_comment":0,"rttpg_category":"<a href=\"https:\/\/site.educa.madrid.org\/cra.vegadetajuna.orusco\/index.php\/category\/sin-categoria\/\" rel=\"category tag\">Sin categor\u00eda<\/a>","rttpg_excerpt":"El mi\u00e9rcoles 18 de junio se abre el plazo para la presentaci\u00f3n de las becas de comedor del curso 25\/26 hasta el 15 de julio (ambos inclusive). \u00a0Las familias podr\u00e1n presentar la documentaci\u00f3n preferentemente de forma telem\u00e1tica Si se presenta de forma presencial en el CENTRO el plazo es hasta el 30 de junio inclusive.&hellip;","post_mailing_queue_ids":[],"_links":{"self":[{"href":"https:\/\/site.educa.madrid.org\/cra.vegadetajuna.orusco\/index.php\/wp-json\/wp\/v2\/posts\/1857","targetHints":{"allow":["GET"]}}],"collection":[{"href":"https:\/\/site.educa.madrid.org\/cra.vegadetajuna.orusco\/index.php\/wp-json\/wp\/v2\/posts"}],"about":[{"href":"https:\/\/site.educa.madrid.org\/cra.vegadetajuna.orusco\/index.php\/wp-json\/wp\/v2\/types\/post"}],"author":[{"embeddable":true,"href":"https:\/\/site.educa.madrid.org\/cra.vegadetajuna.orusco\/index.php\/wp-json\/wp\/v2\/users\/2"}],"replies":[{"embeddable":true,"href":"https:\/\/site.educa.madrid.org\/cra.vegadetajuna.orusco\/index.php\/wp-json\/wp\/v2\/comments?post=1857"}],"version-history":[{"count":1,"href":"https:\/\/site.educa.madrid.org\/cra.vegadetajuna.orusco\/index.php\/wp-json\/wp\/v2\/posts\/1857\/revisions"}],"predecessor-version":[{"id":1858,"href":"https:\/\/site.educa.madrid.org\/cra.vegadetajuna.orusco\/index.php\/wp-json\/wp\/v2\/posts\/1857\/revisions\/1858"}],"wp:attachment":[{"href":"https:\/\/site.educa.madrid.org\/cra.vegadetajuna.orusco\/index.php\/wp-json\/wp\/v2\/media?parent=1857"}],"wp:term":[{"taxonomy":"category","embeddable":true,"href":"https:\/\/site.educa.madrid.org\/cra.vegadetajuna.orusco\/index.php\/wp-json\/wp\/v2\/categories?post=1857"},{"taxonomy":"post_tag","embeddable":true,"href":"https:\/\/site.educa.madrid.org\/cra.vegadetajuna.orusco\/index.php\/wp-json\/wp\/v2\/tags?post=1857"},{"taxonomy":"post_folder","embeddable":true,"href":"https:\/\/site.educa.madrid.org\/cra.vegadetajuna.orusco\/index.php\/wp-json\/wp\/v2\/post_folder?post=1857"}],"curies":[{"name":"wp","href":"https:\/\/api.w.org\/{rel}","templated":true}]}}