{"id":1915,"date":"2025-08-27T13:00:48","date_gmt":"2025-08-27T11:00:48","guid":{"rendered":"https:\/\/site.educa.madrid.org\/cra.vegadetajuna.orusco\/?p=1915"},"modified":"2025-09-01T13:47:56","modified_gmt":"2025-09-01T11:47:56","slug":"inicio-de-curso-2024-2025-2","status":"publish","type":"post","link":"https:\/\/site.educa.madrid.org\/cra.vegadetajuna.orusco\/index.php\/2025\/08\/27\/inicio-de-curso-2024-2025-2\/","title":{"rendered":"INICIO DE CURSO 2025-2026"},"content":{"rendered":"<p style=\"text-align: left;\">El pr\u00f3ximo <strong>LUNES 8 de SEPTIEMBRE<\/strong> comenzar\u00e1 el curso escolar.<\/p>\n<p style=\"text-align: left;\">El horario de <strong>SEPTIEMBRE<\/strong> ser\u00e1 de<strong> 9:15 a 13:15h. <\/strong><strong style=\"font-size: revert;\">Horario de COMEDOR de 13:15 a 15:00h<\/strong><\/p>\n<p>El horario de <strong>OCTUBRE A MAYO<\/strong> ser\u00e1 de<strong> 9:15 a 14:15h. <\/strong><strong style=\"font-size: revert;\">Horario de COMEDOR de 14:15 a 16:00h<\/strong><\/p>\n<p style=\"text-align: left;\">Os informamos que los festivos por localidades ser\u00e1n:<\/p>\n<ul>\n<li style=\"text-align: left;\"><strong>ORUSCO<\/strong>: lunes 15 de septiembre.\u00a0<\/li>\n<li style=\"text-align: left;\"><strong>VILLAR:<\/strong> lunes 22 de septiembre y 15 de mayo<\/li>\n<li style=\"text-align: left;\"><strong>POZUELO<\/strong>: lunes 29 de septiembre y 15 de mayo<\/li>\n<li style=\"text-align: left;\"><strong>AMBITE<\/strong>:\u00a0 por determinar<\/li>\n<\/ul>\n\n\n<p><\/p>\n","protected":false},"excerpt":{"rendered":"<p>El pr\u00f3ximo LUNES 8 de SEPTIEMBRE comenzar\u00e1 el curso escolar. El horario de SEPTIEMBRE ser\u00e1 de 9:15 a 13:15h. Horario de COMEDOR de 13:15 a 15:00h El horario de OCTUBRE A MAYO ser\u00e1 de 9:15 a 14:15h. Horario de COMEDOR de 14:15 a 16:00h Os informamos que los festivos por localidades ser\u00e1n: ORUSCO: lunes 15 &hellip; <\/p>\n<p class=\"link-more\"><a href=\"https:\/\/site.educa.madrid.org\/cra.vegadetajuna.orusco\/index.php\/2025\/08\/27\/inicio-de-curso-2024-2025-2\/\" class=\"more-link\">Continuar leyendo<span class=\"screen-reader-text\"> \u00abINICIO DE CURSO 2025-2026\u00bb<\/span><\/a><\/p>\n","protected":false},"author":3,"featured_media":852,"comment_status":"open","ping_status":"open","sticky":false,"template":"","format":"standard","meta":{"footnotes":""},"categories":[1],"tags":[],"post_folder":[],"class_list":["post-1915","post","type-post","status-publish","format-standard","has-post-thumbnail","hentry","category-sin-categoria"],"rttpg_featured_image_url":{"full":["https:\/\/site.educa.madrid.org\/cra.vegadetajuna.orusco\/\/wp-content\/uploads\/cra.vegadetajuna.orusco\/2022\/08\/Inicio-de-curso.jpg",536,322,false],"landscape":["https:\/\/site.educa.madrid.org\/cra.vegadetajuna.orusco\/\/wp-content\/uploads\/cra.vegadetajuna.orusco\/2022\/08\/Inicio-de-curso.jpg",536,322,false],"portraits":["https:\/\/site.educa.madrid.org\/cra.vegadetajuna.orusco\/\/wp-content\/uploads\/cra.vegadetajuna.orusco\/2022\/08\/Inicio-de-curso.jpg",536,322,false],"thumbnail":["https:\/\/site.educa.madrid.org\/cra.vegadetajuna.orusco\/\/wp-content\/uploads\/cra.vegadetajuna.orusco\/2022\/08\/Inicio-de-curso-150x150.jpg",150,150,true],"medium":["https:\/\/site.educa.madrid.org\/cra.vegadetajuna.orusco\/\/wp-content\/uploads\/cra.vegadetajuna.orusco\/2022\/08\/Inicio-de-curso-300x180.jpg",300,180,true],"large":["https:\/\/site.educa.madrid.org\/cra.vegadetajuna.orusco\/\/wp-content\/uploads\/cra.vegadetajuna.orusco\/2022\/08\/Inicio-de-curso.jpg",525,315,false],"thumblist":["https:\/\/site.educa.madrid.org\/cra.vegadetajuna.orusco\/\/wp-content\/uploads\/cra.vegadetajuna.orusco\/2022\/08\/Inicio-de-curso-300x300.jpg",300,300,true],"thumbrelated":["https:\/\/site.educa.madrid.org\/cra.vegadetajuna.orusco\/\/wp-content\/uploads\/cra.vegadetajuna.orusco\/2022\/08\/Inicio-de-curso.jpg",500,300,false],"meccarouselthumb":["https:\/\/site.educa.madrid.org\/cra.vegadetajuna.orusco\/\/wp-content\/uploads\/cra.vegadetajuna.orusco\/2022\/08\/Inicio-de-curso-474x322.jpg",474,322,true],"gridsquare":["https:\/\/site.educa.madrid.org\/cra.vegadetajuna.orusco\/\/wp-content\/uploads\/cra.vegadetajuna.orusco\/2022\/08\/Inicio-de-curso-391x260.jpg",391,260,true],"tileview":["https:\/\/site.educa.madrid.org\/cra.vegadetajuna.orusco\/\/wp-content\/uploads\/cra.vegadetajuna.orusco\/2022\/08\/Inicio-de-curso-300x322.jpg",300,322,true],"1536x1536":["https:\/\/site.educa.madrid.org\/cra.vegadetajuna.orusco\/\/wp-content\/uploads\/cra.vegadetajuna.orusco\/2022\/08\/Inicio-de-curso.jpg",536,322,false],"2048x2048":["https:\/\/site.educa.madrid.org\/cra.vegadetajuna.orusco\/\/wp-content\/uploads\/cra.vegadetajuna.orusco\/2022\/08\/Inicio-de-curso.jpg",536,322,false],"twentyseventeen-featured-image":["https:\/\/site.educa.madrid.org\/cra.vegadetajuna.orusco\/\/wp-content\/uploads\/cra.vegadetajuna.orusco\/2022\/08\/Inicio-de-curso.jpg",536,322,false],"twentyseventeen-thumbnail-avatar":["https:\/\/site.educa.madrid.org\/cra.vegadetajuna.orusco\/\/wp-content\/uploads\/cra.vegadetajuna.orusco\/2022\/08\/Inicio-de-curso.jpg",100,60,false],"sow-carousel-default":["https:\/\/site.educa.madrid.org\/cra.vegadetajuna.orusco\/\/wp-content\/uploads\/cra.vegadetajuna.orusco\/2022\/08\/Inicio-de-curso-272x182.jpg",272,182,true],"sow-post-carousel-overlay-theme":["https:\/\/site.educa.madrid.org\/cra.vegadetajuna.orusco\/\/wp-content\/uploads\/cra.vegadetajuna.orusco\/2022\/08\/Inicio-de-curso.jpg",360,216,false],"sow-post-carousel-cards-theme":["https:\/\/site.educa.madrid.org\/cra.vegadetajuna.orusco\/\/wp-content\/uploads\/cra.vegadetajuna.orusco\/2022\/08\/Inicio-de-curso.jpg",360,216,false],"rt_custom":["https:\/\/site.educa.madrid.org\/cra.vegadetajuna.orusco\/\/wp-content\/uploads\/cra.vegadetajuna.orusco\/2022\/08\/Inicio-de-curso.jpg",536,322,false]},"rttpg_author":{"display_name":"cra.vegadetajuna.orusco","author_link":"https:\/\/site.educa.madrid.org\/cra.vegadetajuna.orusco\/index.php\/author\/cuenta_cra-vegadetajuna-orusco\/"},"rttpg_comment":0,"rttpg_category":"<a href=\"https:\/\/site.educa.madrid.org\/cra.vegadetajuna.orusco\/index.php\/category\/sin-categoria\/\" rel=\"category tag\">Sin categor\u00eda<\/a>","rttpg_excerpt":"El pr\u00f3ximo LUNES 8 de SEPTIEMBRE comenzar\u00e1 el curso escolar. El horario de SEPTIEMBRE ser\u00e1 de 9:15 a 13:15h. Horario de COMEDOR de 13:15 a 15:00h El horario de OCTUBRE A MAYO ser\u00e1 de 9:15 a 14:15h. Horario de COMEDOR de 14:15 a 16:00h Os informamos que los festivos por localidades ser\u00e1n: ORUSCO: lunes 15&hellip;","post_mailing_queue_ids":[],"_links":{"self":[{"href":"https:\/\/site.educa.madrid.org\/cra.vegadetajuna.orusco\/index.php\/wp-json\/wp\/v2\/posts\/1915","targetHints":{"allow":["GET"]}}],"collection":[{"href":"https:\/\/site.educa.madrid.org\/cra.vegadetajuna.orusco\/index.php\/wp-json\/wp\/v2\/posts"}],"about":[{"href":"https:\/\/site.educa.madrid.org\/cra.vegadetajuna.orusco\/index.php\/wp-json\/wp\/v2\/types\/post"}],"author":[{"embeddable":true,"href":"https:\/\/site.educa.madrid.org\/cra.vegadetajuna.orusco\/index.php\/wp-json\/wp\/v2\/users\/3"}],"replies":[{"embeddable":true,"href":"https:\/\/site.educa.madrid.org\/cra.vegadetajuna.orusco\/index.php\/wp-json\/wp\/v2\/comments?post=1915"}],"version-history":[{"count":4,"href":"https:\/\/site.educa.madrid.org\/cra.vegadetajuna.orusco\/index.php\/wp-json\/wp\/v2\/posts\/1915\/revisions"}],"predecessor-version":[{"id":1940,"href":"https:\/\/site.educa.madrid.org\/cra.vegadetajuna.orusco\/index.php\/wp-json\/wp\/v2\/posts\/1915\/revisions\/1940"}],"wp:featuredmedia":[{"embeddable":true,"href":"https:\/\/site.educa.madrid.org\/cra.vegadetajuna.orusco\/index.php\/wp-json\/wp\/v2\/media\/852"}],"wp:attachment":[{"href":"https:\/\/site.educa.madrid.org\/cra.vegadetajuna.orusco\/index.php\/wp-json\/wp\/v2\/media?parent=1915"}],"wp:term":[{"taxonomy":"category","embeddable":true,"href":"https:\/\/site.educa.madrid.org\/cra.vegadetajuna.orusco\/index.php\/wp-json\/wp\/v2\/categories?post=1915"},{"taxonomy":"post_tag","embeddable":true,"href":"https:\/\/site.educa.madrid.org\/cra.vegadetajuna.orusco\/index.php\/wp-json\/wp\/v2\/tags?post=1915"},{"taxonomy":"post_folder","embeddable":true,"href":"https:\/\/site.educa.madrid.org\/cra.vegadetajuna.orusco\/index.php\/wp-json\/wp\/v2\/post_folder?post=1915"}],"curies":[{"name":"wp","href":"https:\/\/api.w.org\/{rel}","templated":true}]}}