{"id":281,"date":"2022-02-22T17:43:44","date_gmt":"2022-02-22T16:43:44","guid":{"rendered":"https:\/\/site.educa.madrid.org\/cra.vegadetajuna.orusco\/?p=281"},"modified":"2022-03-08T00:44:20","modified_gmt":"2022-03-07T23:44:20","slug":"bienvenidos-al-cra","status":"publish","type":"post","link":"https:\/\/site.educa.madrid.org\/cra.vegadetajuna.orusco\/index.php\/2022\/02\/22\/bienvenidos-al-cra\/","title":{"rendered":"BIENVENIDOS AL CRA"},"content":{"rendered":"\n<h2 class=\"has-text-align-left has-black-color has-text-color wp-block-heading\"><span style=\"color: #3366ff;\">Este es un espacio para poder compartir con todos de una forma \u00e1gil y fluida todo lo que ocurre en nuestro colegio.<\/span><\/h2>\n\n\n\n<h2 class=\"has-text-align-left wp-block-heading\"><span style=\"color: #3366ff;\">Desde las cuatro localidades iremos publicando nuestros momentos especiales<\/span><\/h2>\n\n\n\n<div class=\"wp-block-media-text alignwide is-stacked-on-mobile has-black-color has-white-background-color has-text-color has-background\" style=\"grid-template-columns:72% auto\"><figure class=\"wp-block-media-text__media\"><video controls src=\"https:\/\/site.educa.madrid.org\/cra.vegadetajuna.orusco\/\/wp-content\/uploads\/cra.vegadetajuna.orusco\/2022\/02\/Comedor.mp4\"><\/video><\/figure><div class=\"wp-block-media-text__content\">\n<p class=\"has-text-align-center has-large-font-size\">Aqu\u00ed pod\u00e9is ver nuestros coles<\/p>\n<\/div><\/div>\n\n\n\n<blockquote class=\"wp-block-quote is-style-large is-layout-flow wp-block-quote-is-layout-flow\"><p><em>La educaci\u00f3n es el arma m\u00e1s poderosa que puedes usar para cambiar el mundo.<\/em><\/p><cite>Nelson Mandela<\/cite><\/blockquote>\n","protected":false},"excerpt":{"rendered":"<p>Este es un espacio para poder compartir con todos de una forma \u00e1gil y fluida todo lo que ocurre en nuestro colegio. Desde las cuatro localidades iremos publicando nuestros momentos especiales Aqu\u00ed pod\u00e9is ver nuestros coles La educaci\u00f3n es el arma m\u00e1s poderosa que puedes usar para cambiar el mundo. Nelson Mandela<\/p>\n","protected":false},"author":3,"featured_media":226,"comment_status":"open","ping_status":"open","sticky":true,"template":"","format":"standard","meta":{"footnotes":""},"categories":[3],"tags":[],"post_folder":[],"class_list":["post-281","post","type-post","status-publish","format-standard","has-post-thumbnail","hentry","category-cra-vega-de-tajuna"],"rttpg_featured_image_url":{"full":["https:\/\/site.educa.madrid.org\/cra.vegadetajuna.orusco\/\/wp-content\/uploads\/cra.vegadetajuna.orusco\/2022\/02\/Clase.jpg",1920,480,false],"landscape":["https:\/\/site.educa.madrid.org\/cra.vegadetajuna.orusco\/\/wp-content\/uploads\/cra.vegadetajuna.orusco\/2022\/02\/Clase.jpg",1920,480,false],"portraits":["https:\/\/site.educa.madrid.org\/cra.vegadetajuna.orusco\/\/wp-content\/uploads\/cra.vegadetajuna.orusco\/2022\/02\/Clase.jpg",1920,480,false],"thumbnail":["https:\/\/site.educa.madrid.org\/cra.vegadetajuna.orusco\/\/wp-content\/uploads\/cra.vegadetajuna.orusco\/2022\/02\/Clase-150x150.jpg",150,150,true],"medium":["https:\/\/site.educa.madrid.org\/cra.vegadetajuna.orusco\/\/wp-content\/uploads\/cra.vegadetajuna.orusco\/2022\/02\/Clase-300x75.jpg",300,75,true],"large":["https:\/\/site.educa.madrid.org\/cra.vegadetajuna.orusco\/\/wp-content\/uploads\/cra.vegadetajuna.orusco\/2022\/02\/Clase-1024x256.jpg",525,131,true],"thumblist":["https:\/\/site.educa.madrid.org\/cra.vegadetajuna.orusco\/\/wp-content\/uploads\/cra.vegadetajuna.orusco\/2022\/02\/Clase-300x300.jpg",300,300,true],"thumbrelated":["https:\/\/site.educa.madrid.org\/cra.vegadetajuna.orusco\/\/wp-content\/uploads\/cra.vegadetajuna.orusco\/2022\/02\/Clase.jpg",500,125,false],"meccarouselthumb":["https:\/\/site.educa.madrid.org\/cra.vegadetajuna.orusco\/\/wp-content\/uploads\/cra.vegadetajuna.orusco\/2022\/02\/Clase-474x324.jpg",474,324,true],"gridsquare":["https:\/\/site.educa.madrid.org\/cra.vegadetajuna.orusco\/\/wp-content\/uploads\/cra.vegadetajuna.orusco\/2022\/02\/Clase-391x260.jpg",391,260,true],"tileview":["https:\/\/site.educa.madrid.org\/cra.vegadetajuna.orusco\/\/wp-content\/uploads\/cra.vegadetajuna.orusco\/2022\/02\/Clase-300x400.jpg",300,400,true],"1536x1536":["https:\/\/site.educa.madrid.org\/cra.vegadetajuna.orusco\/\/wp-content\/uploads\/cra.vegadetajuna.orusco\/2022\/02\/Clase-1536x384.jpg",1536,384,true],"2048x2048":["https:\/\/site.educa.madrid.org\/cra.vegadetajuna.orusco\/\/wp-content\/uploads\/cra.vegadetajuna.orusco\/2022\/02\/Clase.jpg",1920,480,false],"twentyseventeen-featured-image":["https:\/\/site.educa.madrid.org\/cra.vegadetajuna.orusco\/\/wp-content\/uploads\/cra.vegadetajuna.orusco\/2022\/02\/Clase.jpg",1920,480,false],"twentyseventeen-thumbnail-avatar":["https:\/\/site.educa.madrid.org\/cra.vegadetajuna.orusco\/\/wp-content\/uploads\/cra.vegadetajuna.orusco\/2022\/02\/Clase.jpg",100,25,false],"sow-carousel-default":["https:\/\/site.educa.madrid.org\/cra.vegadetajuna.orusco\/\/wp-content\/uploads\/cra.vegadetajuna.orusco\/2022\/02\/Clase-272x182.jpg",272,182,true],"sow-post-carousel-overlay-theme":["https:\/\/site.educa.madrid.org\/cra.vegadetajuna.orusco\/\/wp-content\/uploads\/cra.vegadetajuna.orusco\/2022\/02\/Clase.jpg",360,90,false],"sow-post-carousel-cards-theme":["https:\/\/site.educa.madrid.org\/cra.vegadetajuna.orusco\/\/wp-content\/uploads\/cra.vegadetajuna.orusco\/2022\/02\/Clase.jpg",360,90,false],"rt_custom":["https:\/\/site.educa.madrid.org\/cra.vegadetajuna.orusco\/\/wp-content\/uploads\/cra.vegadetajuna.orusco\/2022\/02\/Clase.jpg",1920,480,false]},"rttpg_author":{"display_name":"cra.vegadetajuna.orusco","author_link":"https:\/\/site.educa.madrid.org\/cra.vegadetajuna.orusco\/index.php\/author\/cuenta_cra-vegadetajuna-orusco\/"},"rttpg_comment":0,"rttpg_category":"<a href=\"https:\/\/site.educa.madrid.org\/cra.vegadetajuna.orusco\/index.php\/category\/cra-vega-de-tajuna\/\" rel=\"category tag\">CRA VEGA DE TAJU\u00d1A<\/a>","rttpg_excerpt":"Este es un espacio para poder compartir con todos de una forma \u00e1gil y fluida todo lo que ocurre en nuestro colegio. Desde las cuatro localidades iremos publicando nuestros momentos especiales Aqu\u00ed pod\u00e9is ver nuestros coles La educaci\u00f3n es el arma m\u00e1s poderosa que puedes usar para cambiar el mundo. Nelson Mandela","post_mailing_queue_ids":[],"_links":{"self":[{"href":"https:\/\/site.educa.madrid.org\/cra.vegadetajuna.orusco\/index.php\/wp-json\/wp\/v2\/posts\/281","targetHints":{"allow":["GET"]}}],"collection":[{"href":"https:\/\/site.educa.madrid.org\/cra.vegadetajuna.orusco\/index.php\/wp-json\/wp\/v2\/posts"}],"about":[{"href":"https:\/\/site.educa.madrid.org\/cra.vegadetajuna.orusco\/index.php\/wp-json\/wp\/v2\/types\/post"}],"author":[{"embeddable":true,"href":"https:\/\/site.educa.madrid.org\/cra.vegadetajuna.orusco\/index.php\/wp-json\/wp\/v2\/users\/3"}],"replies":[{"embeddable":true,"href":"https:\/\/site.educa.madrid.org\/cra.vegadetajuna.orusco\/index.php\/wp-json\/wp\/v2\/comments?post=281"}],"version-history":[{"count":8,"href":"https:\/\/site.educa.madrid.org\/cra.vegadetajuna.orusco\/index.php\/wp-json\/wp\/v2\/posts\/281\/revisions"}],"predecessor-version":[{"id":410,"href":"https:\/\/site.educa.madrid.org\/cra.vegadetajuna.orusco\/index.php\/wp-json\/wp\/v2\/posts\/281\/revisions\/410"}],"wp:featuredmedia":[{"embeddable":true,"href":"https:\/\/site.educa.madrid.org\/cra.vegadetajuna.orusco\/index.php\/wp-json\/wp\/v2\/media\/226"}],"wp:attachment":[{"href":"https:\/\/site.educa.madrid.org\/cra.vegadetajuna.orusco\/index.php\/wp-json\/wp\/v2\/media?parent=281"}],"wp:term":[{"taxonomy":"category","embeddable":true,"href":"https:\/\/site.educa.madrid.org\/cra.vegadetajuna.orusco\/index.php\/wp-json\/wp\/v2\/categories?post=281"},{"taxonomy":"post_tag","embeddable":true,"href":"https:\/\/site.educa.madrid.org\/cra.vegadetajuna.orusco\/index.php\/wp-json\/wp\/v2\/tags?post=281"},{"taxonomy":"post_folder","embeddable":true,"href":"https:\/\/site.educa.madrid.org\/cra.vegadetajuna.orusco\/index.php\/wp-json\/wp\/v2\/post_folder?post=281"}],"curies":[{"name":"wp","href":"https:\/\/api.w.org\/{rel}","templated":true}]}}