{"id":415,"date":"2022-03-08T22:08:54","date_gmt":"2022-03-08T21:08:54","guid":{"rendered":"https:\/\/site.educa.madrid.org\/cra.vegadetajuna.orusco\/?p=415"},"modified":"2022-03-11T13:14:59","modified_gmt":"2022-03-11T12:14:59","slug":"comprometidos-con-la-igualdad","status":"publish","type":"post","link":"https:\/\/site.educa.madrid.org\/cra.vegadetajuna.orusco\/index.php\/2022\/03\/08\/comprometidos-con-la-igualdad\/","title":{"rendered":"COMPROMETIDOS CON LA IGUALDAD"},"content":{"rendered":"<p>Aqu\u00ed pod\u00e9is leer el art\u00edculo de nuestra participaci\u00f3n<\/p>\n<h1 class=\"entry-title\"><a class=\"link link--forsure\" href=\"https:\/\/www.missem.org\/2022\/03\/08\/la-missem-distingue-a-7-centros-educativos-de-la-comarca-comprometidos-con-la-igualdad\/\" target=\"_blank\" rel=\"noopener\">La Missem distingue a 7 centros educativos de la comarca comprometidos con la igualdad<\/a><\/h1>\n<p>Con motivo de la celebraci\u00f3n del D\u00eda Internacional de la Mujer, el pasado 8 de marzo se llev\u00f3 a cabo la lectura en nuestros centros de Ambite y Villar del Olmo de un manifiesto en que se reflexionaba acerca del porqu\u00e9 de la conmemoraci\u00f3n, reivindicando\u00a0 la necesidad de seguir avanzando en una igualdad efectiva entre mujeres y hombres que permita alcanzar una sociedad verdaderamente justa y democr\u00e1tica.<\/p>\n<p>Representantes de los equipos de gobiernos de las localidades de Ambite, Pozuelo del Rey y Villar del Olmo asistieron al acto, en el que recibieron un distintivo de que reconoce a nuestros centros su compromiso por la igualdad.<\/p>\n","protected":false},"excerpt":{"rendered":"<p>Aqu\u00ed pod\u00e9is leer el art\u00edculo de nuestra participaci\u00f3n La Missem distingue a 7 centros educativos de la comarca comprometidos con la igualdad Con motivo de la celebraci\u00f3n del D\u00eda Internacional de la Mujer, el pasado 8 de marzo se llev\u00f3 a cabo la lectura en nuestros centros de Ambite y Villar del Olmo de un &hellip; <\/p>\n<p class=\"link-more\"><a href=\"https:\/\/site.educa.madrid.org\/cra.vegadetajuna.orusco\/index.php\/2022\/03\/08\/comprometidos-con-la-igualdad\/\" class=\"more-link\">Continuar leyendo<span class=\"screen-reader-text\"> \u00abCOMPROMETIDOS CON LA IGUALDAD\u00bb<\/span><\/a><\/p>\n","protected":false},"author":3,"featured_media":414,"comment_status":"open","ping_status":"open","sticky":false,"template":"","format":"standard","meta":{"footnotes":""},"categories":[3],"tags":[12],"post_folder":[],"class_list":["post-415","post","type-post","status-publish","format-standard","has-post-thumbnail","hentry","category-cra-vega-de-tajuna","tag-dia-de-la-mujer"],"rttpg_featured_image_url":{"full":["https:\/\/site.educa.madrid.org\/cra.vegadetajuna.orusco\/\/wp-content\/uploads\/cra.vegadetajuna.orusco\/2022\/03\/Missem.jpeg",2048,2035,false],"landscape":["https:\/\/site.educa.madrid.org\/cra.vegadetajuna.orusco\/\/wp-content\/uploads\/cra.vegadetajuna.orusco\/2022\/03\/Missem.jpeg",2048,2035,false],"portraits":["https:\/\/site.educa.madrid.org\/cra.vegadetajuna.orusco\/\/wp-content\/uploads\/cra.vegadetajuna.orusco\/2022\/03\/Missem.jpeg",2048,2035,false],"thumbnail":["https:\/\/site.educa.madrid.org\/cra.vegadetajuna.orusco\/\/wp-content\/uploads\/cra.vegadetajuna.orusco\/2022\/03\/Missem-150x150.jpeg",150,150,true],"medium":["https:\/\/site.educa.madrid.org\/cra.vegadetajuna.orusco\/\/wp-content\/uploads\/cra.vegadetajuna.orusco\/2022\/03\/Missem-300x298.jpeg",300,298,true],"large":["https:\/\/site.educa.madrid.org\/cra.vegadetajuna.orusco\/\/wp-content\/uploads\/cra.vegadetajuna.orusco\/2022\/03\/Missem-1024x1018.jpeg",525,522,true],"thumblist":["https:\/\/site.educa.madrid.org\/cra.vegadetajuna.orusco\/\/wp-content\/uploads\/cra.vegadetajuna.orusco\/2022\/03\/Missem-300x300.jpeg",300,300,true],"thumbrelated":["https:\/\/site.educa.madrid.org\/cra.vegadetajuna.orusco\/\/wp-content\/uploads\/cra.vegadetajuna.orusco\/2022\/03\/Missem.jpeg",500,497,false],"meccarouselthumb":["https:\/\/site.educa.madrid.org\/cra.vegadetajuna.orusco\/\/wp-content\/uploads\/cra.vegadetajuna.orusco\/2022\/03\/Missem-474x324.jpeg",474,324,true],"gridsquare":["https:\/\/site.educa.madrid.org\/cra.vegadetajuna.orusco\/\/wp-content\/uploads\/cra.vegadetajuna.orusco\/2022\/03\/Missem-391x260.jpeg",391,260,true],"tileview":["https:\/\/site.educa.madrid.org\/cra.vegadetajuna.orusco\/\/wp-content\/uploads\/cra.vegadetajuna.orusco\/2022\/03\/Missem-300x400.jpeg",300,400,true],"1536x1536":["https:\/\/site.educa.madrid.org\/cra.vegadetajuna.orusco\/\/wp-content\/uploads\/cra.vegadetajuna.orusco\/2022\/03\/Missem-1536x1526.jpeg",1536,1526,true],"2048x2048":["https:\/\/site.educa.madrid.org\/cra.vegadetajuna.orusco\/\/wp-content\/uploads\/cra.vegadetajuna.orusco\/2022\/03\/Missem.jpeg",2048,2035,false],"twentyseventeen-featured-image":["https:\/\/site.educa.madrid.org\/cra.vegadetajuna.orusco\/\/wp-content\/uploads\/cra.vegadetajuna.orusco\/2022\/03\/Missem.jpeg",1208,1200,false],"twentyseventeen-thumbnail-avatar":["https:\/\/site.educa.madrid.org\/cra.vegadetajuna.orusco\/\/wp-content\/uploads\/cra.vegadetajuna.orusco\/2022\/03\/Missem.jpeg",100,100,false],"sow-carousel-default":["https:\/\/site.educa.madrid.org\/cra.vegadetajuna.orusco\/\/wp-content\/uploads\/cra.vegadetajuna.orusco\/2022\/03\/Missem-272x182.jpeg",272,182,true],"sow-post-carousel-overlay-theme":["https:\/\/site.educa.madrid.org\/cra.vegadetajuna.orusco\/\/wp-content\/uploads\/cra.vegadetajuna.orusco\/2022\/03\/Missem.jpeg",360,358,false],"sow-post-carousel-cards-theme":["https:\/\/site.educa.madrid.org\/cra.vegadetajuna.orusco\/\/wp-content\/uploads\/cra.vegadetajuna.orusco\/2022\/03\/Missem.jpeg",242,240,false],"rt_custom":["https:\/\/site.educa.madrid.org\/cra.vegadetajuna.orusco\/\/wp-content\/uploads\/cra.vegadetajuna.orusco\/2022\/03\/Missem.jpeg",2048,2035,false]},"rttpg_author":{"display_name":"cra.vegadetajuna.orusco","author_link":"https:\/\/site.educa.madrid.org\/cra.vegadetajuna.orusco\/index.php\/author\/cuenta_cra-vegadetajuna-orusco\/"},"rttpg_comment":0,"rttpg_category":"<a href=\"https:\/\/site.educa.madrid.org\/cra.vegadetajuna.orusco\/index.php\/category\/cra-vega-de-tajuna\/\" rel=\"category tag\">CRA VEGA DE TAJU\u00d1A<\/a>","rttpg_excerpt":"Aqu\u00ed pod\u00e9is leer el art\u00edculo de nuestra participaci\u00f3n La Missem distingue a 7 centros educativos de la comarca comprometidos con la igualdad Con motivo de la celebraci\u00f3n del D\u00eda Internacional de la Mujer, el pasado 8 de marzo se llev\u00f3 a cabo la lectura en nuestros centros de Ambite y Villar del Olmo de un&hellip;","post_mailing_queue_ids":[],"_links":{"self":[{"href":"https:\/\/site.educa.madrid.org\/cra.vegadetajuna.orusco\/index.php\/wp-json\/wp\/v2\/posts\/415","targetHints":{"allow":["GET"]}}],"collection":[{"href":"https:\/\/site.educa.madrid.org\/cra.vegadetajuna.orusco\/index.php\/wp-json\/wp\/v2\/posts"}],"about":[{"href":"https:\/\/site.educa.madrid.org\/cra.vegadetajuna.orusco\/index.php\/wp-json\/wp\/v2\/types\/post"}],"author":[{"embeddable":true,"href":"https:\/\/site.educa.madrid.org\/cra.vegadetajuna.orusco\/index.php\/wp-json\/wp\/v2\/users\/3"}],"replies":[{"embeddable":true,"href":"https:\/\/site.educa.madrid.org\/cra.vegadetajuna.orusco\/index.php\/wp-json\/wp\/v2\/comments?post=415"}],"version-history":[{"count":3,"href":"https:\/\/site.educa.madrid.org\/cra.vegadetajuna.orusco\/index.php\/wp-json\/wp\/v2\/posts\/415\/revisions"}],"predecessor-version":[{"id":479,"href":"https:\/\/site.educa.madrid.org\/cra.vegadetajuna.orusco\/index.php\/wp-json\/wp\/v2\/posts\/415\/revisions\/479"}],"wp:featuredmedia":[{"embeddable":true,"href":"https:\/\/site.educa.madrid.org\/cra.vegadetajuna.orusco\/index.php\/wp-json\/wp\/v2\/media\/414"}],"wp:attachment":[{"href":"https:\/\/site.educa.madrid.org\/cra.vegadetajuna.orusco\/index.php\/wp-json\/wp\/v2\/media?parent=415"}],"wp:term":[{"taxonomy":"category","embeddable":true,"href":"https:\/\/site.educa.madrid.org\/cra.vegadetajuna.orusco\/index.php\/wp-json\/wp\/v2\/categories?post=415"},{"taxonomy":"post_tag","embeddable":true,"href":"https:\/\/site.educa.madrid.org\/cra.vegadetajuna.orusco\/index.php\/wp-json\/wp\/v2\/tags?post=415"},{"taxonomy":"post_folder","embeddable":true,"href":"https:\/\/site.educa.madrid.org\/cra.vegadetajuna.orusco\/index.php\/wp-json\/wp\/v2\/post_folder?post=415"}],"curies":[{"name":"wp","href":"https:\/\/api.w.org\/{rel}","templated":true}]}}