{"id":490,"date":"2022-03-17T11:25:50","date_gmt":"2022-03-17T10:25:50","guid":{"rendered":"https:\/\/site.educa.madrid.org\/cra.vegadetajuna.orusco\/?p=490"},"modified":"2022-03-17T11:25:50","modified_gmt":"2022-03-17T10:25:50","slug":"comienza-la-campana-de-la-fruta-para-primaria","status":"publish","type":"post","link":"https:\/\/site.educa.madrid.org\/cra.vegadetajuna.orusco\/index.php\/2022\/03\/17\/comienza-la-campana-de-la-fruta-para-primaria\/","title":{"rendered":"COMIENZA LA CAMPA\u00d1A DE LA FRUTA PARA PRIMARIA"},"content":{"rendered":"<p>Se informa que, como en anteriores ocasiones,&nbsp; el colegio participar\u00e1 en una&nbsp;<strong>campa\u00f1a patrocinada por la Uni\u00f3n Europea para el reparto de fruta<\/strong>. En este caso, la campa\u00f1a va dirigida a&nbsp;<strong>alumnado de primaria<\/strong>.&nbsp; La fruta que se repartir\u00e1 habitualmente ser\u00e1 mandarina, pera, manzana o pl\u00e1tano.&nbsp; Comenzar\u00e1 <strong>a partir del d\u00eda 16 de marzo<\/strong>.<\/p>\n","protected":false},"excerpt":{"rendered":"<p>Se informa que, como en anteriores ocasiones,&nbsp; el colegio participar\u00e1 en una&nbsp;campa\u00f1a patrocinada por la Uni\u00f3n Europea para el reparto de fruta. En este caso, la campa\u00f1a va dirigida a&nbsp;alumnado de primaria.&nbsp; La fruta que se repartir\u00e1 habitualmente ser\u00e1 mandarina, pera, manzana o pl\u00e1tano.&nbsp; Comenzar\u00e1 a partir del d\u00eda 16 de marzo.<\/p>\n","protected":false},"author":3,"featured_media":492,"comment_status":"open","ping_status":"open","sticky":false,"template":"","format":"standard","meta":{"footnotes":""},"categories":[1],"tags":[],"post_folder":[],"class_list":["post-490","post","type-post","status-publish","format-standard","has-post-thumbnail","hentry","category-sin-categoria"],"rttpg_featured_image_url":{"full":["https:\/\/site.educa.madrid.org\/cra.vegadetajuna.orusco\/\/wp-content\/uploads\/cra.vegadetajuna.orusco\/2022\/03\/COMIENZA-LA-CAMPANA-DE-LA-FRUTA-PARA-PRIMARIA.png",1920,480,false],"landscape":["https:\/\/site.educa.madrid.org\/cra.vegadetajuna.orusco\/\/wp-content\/uploads\/cra.vegadetajuna.orusco\/2022\/03\/COMIENZA-LA-CAMPANA-DE-LA-FRUTA-PARA-PRIMARIA.png",1920,480,false],"portraits":["https:\/\/site.educa.madrid.org\/cra.vegadetajuna.orusco\/\/wp-content\/uploads\/cra.vegadetajuna.orusco\/2022\/03\/COMIENZA-LA-CAMPANA-DE-LA-FRUTA-PARA-PRIMARIA.png",1920,480,false],"thumbnail":["https:\/\/site.educa.madrid.org\/cra.vegadetajuna.orusco\/\/wp-content\/uploads\/cra.vegadetajuna.orusco\/2022\/03\/COMIENZA-LA-CAMPANA-DE-LA-FRUTA-PARA-PRIMARIA-150x150.png",150,150,true],"medium":["https:\/\/site.educa.madrid.org\/cra.vegadetajuna.orusco\/\/wp-content\/uploads\/cra.vegadetajuna.orusco\/2022\/03\/COMIENZA-LA-CAMPANA-DE-LA-FRUTA-PARA-PRIMARIA-300x75.png",300,75,true],"large":["https:\/\/site.educa.madrid.org\/cra.vegadetajuna.orusco\/\/wp-content\/uploads\/cra.vegadetajuna.orusco\/2022\/03\/COMIENZA-LA-CAMPANA-DE-LA-FRUTA-PARA-PRIMARIA-1024x256.png",525,131,true],"thumblist":["https:\/\/site.educa.madrid.org\/cra.vegadetajuna.orusco\/\/wp-content\/uploads\/cra.vegadetajuna.orusco\/2022\/03\/COMIENZA-LA-CAMPANA-DE-LA-FRUTA-PARA-PRIMARIA-300x300.png",300,300,true],"thumbrelated":["https:\/\/site.educa.madrid.org\/cra.vegadetajuna.orusco\/\/wp-content\/uploads\/cra.vegadetajuna.orusco\/2022\/03\/COMIENZA-LA-CAMPANA-DE-LA-FRUTA-PARA-PRIMARIA.png",500,125,false],"meccarouselthumb":["https:\/\/site.educa.madrid.org\/cra.vegadetajuna.orusco\/\/wp-content\/uploads\/cra.vegadetajuna.orusco\/2022\/03\/COMIENZA-LA-CAMPANA-DE-LA-FRUTA-PARA-PRIMARIA-474x324.png",474,324,true],"gridsquare":["https:\/\/site.educa.madrid.org\/cra.vegadetajuna.orusco\/\/wp-content\/uploads\/cra.vegadetajuna.orusco\/2022\/03\/COMIENZA-LA-CAMPANA-DE-LA-FRUTA-PARA-PRIMARIA-391x260.png",391,260,true],"tileview":["https:\/\/site.educa.madrid.org\/cra.vegadetajuna.orusco\/\/wp-content\/uploads\/cra.vegadetajuna.orusco\/2022\/03\/COMIENZA-LA-CAMPANA-DE-LA-FRUTA-PARA-PRIMARIA-300x400.png",300,400,true],"1536x1536":["https:\/\/site.educa.madrid.org\/cra.vegadetajuna.orusco\/\/wp-content\/uploads\/cra.vegadetajuna.orusco\/2022\/03\/COMIENZA-LA-CAMPANA-DE-LA-FRUTA-PARA-PRIMARIA-1536x384.png",1536,384,true],"2048x2048":["https:\/\/site.educa.madrid.org\/cra.vegadetajuna.orusco\/\/wp-content\/uploads\/cra.vegadetajuna.orusco\/2022\/03\/COMIENZA-LA-CAMPANA-DE-LA-FRUTA-PARA-PRIMARIA.png",1920,480,false],"twentyseventeen-featured-image":["https:\/\/site.educa.madrid.org\/cra.vegadetajuna.orusco\/\/wp-content\/uploads\/cra.vegadetajuna.orusco\/2022\/03\/COMIENZA-LA-CAMPANA-DE-LA-FRUTA-PARA-PRIMARIA.png",1920,480,false],"twentyseventeen-thumbnail-avatar":["https:\/\/site.educa.madrid.org\/cra.vegadetajuna.orusco\/\/wp-content\/uploads\/cra.vegadetajuna.orusco\/2022\/03\/COMIENZA-LA-CAMPANA-DE-LA-FRUTA-PARA-PRIMARIA.png",100,25,false],"sow-carousel-default":["https:\/\/site.educa.madrid.org\/cra.vegadetajuna.orusco\/\/wp-content\/uploads\/cra.vegadetajuna.orusco\/2022\/03\/COMIENZA-LA-CAMPANA-DE-LA-FRUTA-PARA-PRIMARIA-272x182.png",272,182,true],"sow-post-carousel-overlay-theme":["https:\/\/site.educa.madrid.org\/cra.vegadetajuna.orusco\/\/wp-content\/uploads\/cra.vegadetajuna.orusco\/2022\/03\/COMIENZA-LA-CAMPANA-DE-LA-FRUTA-PARA-PRIMARIA.png",360,90,false],"sow-post-carousel-cards-theme":["https:\/\/site.educa.madrid.org\/cra.vegadetajuna.orusco\/\/wp-content\/uploads\/cra.vegadetajuna.orusco\/2022\/03\/COMIENZA-LA-CAMPANA-DE-LA-FRUTA-PARA-PRIMARIA.png",360,90,false],"rt_custom":["https:\/\/site.educa.madrid.org\/cra.vegadetajuna.orusco\/\/wp-content\/uploads\/cra.vegadetajuna.orusco\/2022\/03\/COMIENZA-LA-CAMPANA-DE-LA-FRUTA-PARA-PRIMARIA.png",1920,480,false]},"rttpg_author":{"display_name":"cra.vegadetajuna.orusco","author_link":"https:\/\/site.educa.madrid.org\/cra.vegadetajuna.orusco\/index.php\/author\/cuenta_cra-vegadetajuna-orusco\/"},"rttpg_comment":0,"rttpg_category":"<a href=\"https:\/\/site.educa.madrid.org\/cra.vegadetajuna.orusco\/index.php\/category\/sin-categoria\/\" rel=\"category tag\">Sin categor\u00eda<\/a>","rttpg_excerpt":"Se informa que, como en anteriores ocasiones,&nbsp; el colegio participar\u00e1 en una&nbsp;campa\u00f1a patrocinada por la Uni\u00f3n Europea para el reparto de fruta. En este caso, la campa\u00f1a va dirigida a&nbsp;alumnado de primaria.&nbsp; La fruta que se repartir\u00e1 habitualmente ser\u00e1 mandarina, pera, manzana o pl\u00e1tano.&nbsp; Comenzar\u00e1 a partir del d\u00eda 16 de marzo.","post_mailing_queue_ids":[],"_links":{"self":[{"href":"https:\/\/site.educa.madrid.org\/cra.vegadetajuna.orusco\/index.php\/wp-json\/wp\/v2\/posts\/490","targetHints":{"allow":["GET"]}}],"collection":[{"href":"https:\/\/site.educa.madrid.org\/cra.vegadetajuna.orusco\/index.php\/wp-json\/wp\/v2\/posts"}],"about":[{"href":"https:\/\/site.educa.madrid.org\/cra.vegadetajuna.orusco\/index.php\/wp-json\/wp\/v2\/types\/post"}],"author":[{"embeddable":true,"href":"https:\/\/site.educa.madrid.org\/cra.vegadetajuna.orusco\/index.php\/wp-json\/wp\/v2\/users\/3"}],"replies":[{"embeddable":true,"href":"https:\/\/site.educa.madrid.org\/cra.vegadetajuna.orusco\/index.php\/wp-json\/wp\/v2\/comments?post=490"}],"version-history":[{"count":2,"href":"https:\/\/site.educa.madrid.org\/cra.vegadetajuna.orusco\/index.php\/wp-json\/wp\/v2\/posts\/490\/revisions"}],"predecessor-version":[{"id":493,"href":"https:\/\/site.educa.madrid.org\/cra.vegadetajuna.orusco\/index.php\/wp-json\/wp\/v2\/posts\/490\/revisions\/493"}],"wp:featuredmedia":[{"embeddable":true,"href":"https:\/\/site.educa.madrid.org\/cra.vegadetajuna.orusco\/index.php\/wp-json\/wp\/v2\/media\/492"}],"wp:attachment":[{"href":"https:\/\/site.educa.madrid.org\/cra.vegadetajuna.orusco\/index.php\/wp-json\/wp\/v2\/media?parent=490"}],"wp:term":[{"taxonomy":"category","embeddable":true,"href":"https:\/\/site.educa.madrid.org\/cra.vegadetajuna.orusco\/index.php\/wp-json\/wp\/v2\/categories?post=490"},{"taxonomy":"post_tag","embeddable":true,"href":"https:\/\/site.educa.madrid.org\/cra.vegadetajuna.orusco\/index.php\/wp-json\/wp\/v2\/tags?post=490"},{"taxonomy":"post_folder","embeddable":true,"href":"https:\/\/site.educa.madrid.org\/cra.vegadetajuna.orusco\/index.php\/wp-json\/wp\/v2\/post_folder?post=490"}],"curies":[{"name":"wp","href":"https:\/\/api.w.org\/{rel}","templated":true}]}}