{"id":983,"date":"2023-02-08T10:35:31","date_gmt":"2023-02-08T09:35:31","guid":{"rendered":"https:\/\/site.educa.madrid.org\/cra.vegadetajuna.orusco\/?p=983"},"modified":"2023-02-08T10:39:08","modified_gmt":"2023-02-08T09:39:08","slug":"visita-a-la-asamblea-de-madrid","status":"publish","type":"post","link":"https:\/\/site.educa.madrid.org\/cra.vegadetajuna.orusco\/index.php\/2023\/02\/08\/visita-a-la-asamblea-de-madrid\/","title":{"rendered":"Visita a la Asamblea de Madrid"},"content":{"rendered":"<p>El pasado 19 de enero, nuestros alumnos de 5\u00ba y 6\u00ba participaron en la visita a la Asamblea de Madrid, donde se convirtieron en \u00abDiputad@s por un d\u00eda\u00bb, organizado por la ONG Aldeas Infantiles y d\u00f3nde se puso en valor las propuestas elaboradas por nuestros chic@s\u00a0 fundamentadas en los ODS (Objetivos de Desarrollo Sostenible) para una mejora de las actitudes y h\u00e1bitos sociales que beneficien el cuidado y conservaci\u00f3n de nuestro entorno m\u00e1s cercano y sus recursos naturales.<\/p>\n<p>Pinchando en la palabra <a href=\"https:\/\/urldefense.com\/v3\/__https:\/\/www.dropbox.com\/sh\/k7ic70z6qvnz4cw\/AAAgHOZdqlOiW148BFXLLpuJa?dl=0__;!!D9dNQwwGXtA!VFnvSfMrSMhWuSaa9JAOpPFmTmZMmFv7u3oTleedegAb7G_aoABKlachD27Hmmw5PXYbNOgccIfEhYGezYjB2Vzvq2X3zDoCPnu9cLkSujxL-jCU8609eS4$\">fotos<\/a>, acceder\u00e9is a las im\u00e1genes de aquel d\u00eda.<\/p>\n\n\n<p><\/p>\n","protected":false},"excerpt":{"rendered":"<p>El pasado 19 de enero, nuestros alumnos de 5\u00ba y 6\u00ba participaron en la visita a la Asamblea de Madrid, donde se convirtieron en \u00abDiputad@s por un d\u00eda\u00bb, organizado por la ONG Aldeas Infantiles y d\u00f3nde se puso en valor las propuestas elaboradas por nuestros chic@s\u00a0 fundamentadas en los ODS (Objetivos de Desarrollo Sostenible) para &hellip; <\/p>\n<p class=\"link-more\"><a href=\"https:\/\/site.educa.madrid.org\/cra.vegadetajuna.orusco\/index.php\/2023\/02\/08\/visita-a-la-asamblea-de-madrid\/\" class=\"more-link\">Continuar leyendo<span class=\"screen-reader-text\"> \u00abVisita a la Asamblea de Madrid\u00bb<\/span><\/a><\/p>\n","protected":false},"author":6,"featured_media":0,"comment_status":"open","ping_status":"open","sticky":false,"template":"","format":"standard","meta":{"footnotes":""},"categories":[1],"tags":[],"post_folder":[],"class_list":["post-983","post","type-post","status-publish","format-standard","hentry","category-sin-categoria"],"rttpg_featured_image_url":null,"rttpg_author":{"display_name":"Cuenta Jestudios cra vegadetajuna orusco","author_link":"https:\/\/site.educa.madrid.org\/cra.vegadetajuna.orusco\/index.php\/author\/cuenta_jestudios-cra-vegadetajuna-orusco\/"},"rttpg_comment":0,"rttpg_category":"<a href=\"https:\/\/site.educa.madrid.org\/cra.vegadetajuna.orusco\/index.php\/category\/sin-categoria\/\" rel=\"category tag\">Sin categor\u00eda<\/a>","rttpg_excerpt":"El pasado 19 de enero, nuestros alumnos de 5\u00ba y 6\u00ba participaron en la visita a la Asamblea de Madrid, donde se convirtieron en \u00abDiputad@s por un d\u00eda\u00bb, organizado por la ONG Aldeas Infantiles y d\u00f3nde se puso en valor las propuestas elaboradas por nuestros chic@s\u00a0 fundamentadas en los ODS (Objetivos de Desarrollo Sostenible) para&hellip;","post_mailing_queue_ids":[],"_links":{"self":[{"href":"https:\/\/site.educa.madrid.org\/cra.vegadetajuna.orusco\/index.php\/wp-json\/wp\/v2\/posts\/983","targetHints":{"allow":["GET"]}}],"collection":[{"href":"https:\/\/site.educa.madrid.org\/cra.vegadetajuna.orusco\/index.php\/wp-json\/wp\/v2\/posts"}],"about":[{"href":"https:\/\/site.educa.madrid.org\/cra.vegadetajuna.orusco\/index.php\/wp-json\/wp\/v2\/types\/post"}],"author":[{"embeddable":true,"href":"https:\/\/site.educa.madrid.org\/cra.vegadetajuna.orusco\/index.php\/wp-json\/wp\/v2\/users\/6"}],"replies":[{"embeddable":true,"href":"https:\/\/site.educa.madrid.org\/cra.vegadetajuna.orusco\/index.php\/wp-json\/wp\/v2\/comments?post=983"}],"version-history":[{"count":2,"href":"https:\/\/site.educa.madrid.org\/cra.vegadetajuna.orusco\/index.php\/wp-json\/wp\/v2\/posts\/983\/revisions"}],"predecessor-version":[{"id":986,"href":"https:\/\/site.educa.madrid.org\/cra.vegadetajuna.orusco\/index.php\/wp-json\/wp\/v2\/posts\/983\/revisions\/986"}],"wp:attachment":[{"href":"https:\/\/site.educa.madrid.org\/cra.vegadetajuna.orusco\/index.php\/wp-json\/wp\/v2\/media?parent=983"}],"wp:term":[{"taxonomy":"category","embeddable":true,"href":"https:\/\/site.educa.madrid.org\/cra.vegadetajuna.orusco\/index.php\/wp-json\/wp\/v2\/categories?post=983"},{"taxonomy":"post_tag","embeddable":true,"href":"https:\/\/site.educa.madrid.org\/cra.vegadetajuna.orusco\/index.php\/wp-json\/wp\/v2\/tags?post=983"},{"taxonomy":"post_folder","embeddable":true,"href":"https:\/\/site.educa.madrid.org\/cra.vegadetajuna.orusco\/index.php\/wp-json\/wp\/v2\/post_folder?post=983"}],"curies":[{"name":"wp","href":"https:\/\/api.w.org\/{rel}","templated":true}]}}