{"id":997,"date":"2023-02-08T11:31:26","date_gmt":"2023-02-08T10:31:26","guid":{"rendered":"https:\/\/site.educa.madrid.org\/cra.vegadetajuna.orusco\/?p=997"},"modified":"2023-02-08T11:32:43","modified_gmt":"2023-02-08T10:32:43","slug":"desayunos-saludables","status":"publish","type":"post","link":"https:\/\/site.educa.madrid.org\/cra.vegadetajuna.orusco\/index.php\/2023\/02\/08\/desayunos-saludables\/","title":{"rendered":"Desayunos Saludables"},"content":{"rendered":"<p>Durante el mes de enero y febrero, se est\u00e1 desarrollando el programa de \u00abDesayunos saludables\u00bb en las localidades de nuestro centro, con el objetivo de concienciar de la importancia de la primera comida del d\u00eda y de sus beneficios si se realiza adecuadamente. Profesionales del \u00e1mbito m\u00e9dico presentan esta actividad, donde tambi\u00e9n se resalta la importancia de una adecuada salud bocu-dental.<\/p>\n<p>&nbsp;<\/p>\n\n\n<figure class=\"wp-block-gallery has-nested-images columns-default is-cropped wp-block-gallery-1 is-layout-flex wp-block-gallery-is-layout-flex\">\n<figure class=\"wp-block-image size-large\"><img loading=\"lazy\" decoding=\"async\" width=\"420\" height=\"510\" data-id=\"999\" src=\"https:\/\/site.educa.madrid.org\/cra.vegadetajuna.orusco\/\/wp-content\/uploads\/cra.vegadetajuna.orusco\/2023\/02\/desayunos3.jpg\" alt=\"\" class=\"wp-image-999\" srcset=\"https:\/\/site.educa.madrid.org\/cra.vegadetajuna.orusco\/\/wp-content\/uploads\/cra.vegadetajuna.orusco\/2023\/02\/desayunos3.jpg 420w, https:\/\/site.educa.madrid.org\/cra.vegadetajuna.orusco\/\/wp-content\/uploads\/cra.vegadetajuna.orusco\/2023\/02\/desayunos3-247x300.jpg 247w, https:\/\/site.educa.madrid.org\/cra.vegadetajuna.orusco\/\/wp-content\/uploads\/cra.vegadetajuna.orusco\/2023\/02\/desayunos3-360x437.jpg 360w, https:\/\/site.educa.madrid.org\/cra.vegadetajuna.orusco\/\/wp-content\/uploads\/cra.vegadetajuna.orusco\/2023\/02\/desayunos3-250x304.jpg 250w, https:\/\/site.educa.madrid.org\/cra.vegadetajuna.orusco\/\/wp-content\/uploads\/cra.vegadetajuna.orusco\/2023\/02\/desayunos3-100x121.jpg 100w\" sizes=\"auto, (max-width: 420px) 100vw, 420px\" \/><\/figure>\n<\/figure>\n","protected":false},"excerpt":{"rendered":"<p>Durante el mes de enero y febrero, se est\u00e1 desarrollando el programa de \u00abDesayunos saludables\u00bb en las localidades de nuestro centro, con el objetivo de concienciar de la importancia de la primera comida del d\u00eda y de sus beneficios si se realiza adecuadamente. Profesionales del \u00e1mbito m\u00e9dico presentan esta actividad, donde tambi\u00e9n se resalta la &hellip; <\/p>\n<p class=\"link-more\"><a href=\"https:\/\/site.educa.madrid.org\/cra.vegadetajuna.orusco\/index.php\/2023\/02\/08\/desayunos-saludables\/\" class=\"more-link\">Continuar leyendo<span class=\"screen-reader-text\"> \u00abDesayunos Saludables\u00bb<\/span><\/a><\/p>\n","protected":false},"author":6,"featured_media":0,"comment_status":"open","ping_status":"open","sticky":false,"template":"","format":"standard","meta":{"footnotes":""},"categories":[1],"tags":[],"post_folder":[],"class_list":["post-997","post","type-post","status-publish","format-standard","hentry","category-sin-categoria"],"rttpg_featured_image_url":null,"rttpg_author":{"display_name":"Cuenta Jestudios cra vegadetajuna orusco","author_link":"https:\/\/site.educa.madrid.org\/cra.vegadetajuna.orusco\/index.php\/author\/cuenta_jestudios-cra-vegadetajuna-orusco\/"},"rttpg_comment":0,"rttpg_category":"<a href=\"https:\/\/site.educa.madrid.org\/cra.vegadetajuna.orusco\/index.php\/category\/sin-categoria\/\" rel=\"category tag\">Sin categor\u00eda<\/a>","rttpg_excerpt":"Durante el mes de enero y febrero, se est\u00e1 desarrollando el programa de \u00abDesayunos saludables\u00bb en las localidades de nuestro centro, con el objetivo de concienciar de la importancia de la primera comida del d\u00eda y de sus beneficios si se realiza adecuadamente. Profesionales del \u00e1mbito m\u00e9dico presentan esta actividad, donde tambi\u00e9n se resalta la&hellip;","post_mailing_queue_ids":[],"_links":{"self":[{"href":"https:\/\/site.educa.madrid.org\/cra.vegadetajuna.orusco\/index.php\/wp-json\/wp\/v2\/posts\/997","targetHints":{"allow":["GET"]}}],"collection":[{"href":"https:\/\/site.educa.madrid.org\/cra.vegadetajuna.orusco\/index.php\/wp-json\/wp\/v2\/posts"}],"about":[{"href":"https:\/\/site.educa.madrid.org\/cra.vegadetajuna.orusco\/index.php\/wp-json\/wp\/v2\/types\/post"}],"author":[{"embeddable":true,"href":"https:\/\/site.educa.madrid.org\/cra.vegadetajuna.orusco\/index.php\/wp-json\/wp\/v2\/users\/6"}],"replies":[{"embeddable":true,"href":"https:\/\/site.educa.madrid.org\/cra.vegadetajuna.orusco\/index.php\/wp-json\/wp\/v2\/comments?post=997"}],"version-history":[{"count":3,"href":"https:\/\/site.educa.madrid.org\/cra.vegadetajuna.orusco\/index.php\/wp-json\/wp\/v2\/posts\/997\/revisions"}],"predecessor-version":[{"id":1001,"href":"https:\/\/site.educa.madrid.org\/cra.vegadetajuna.orusco\/index.php\/wp-json\/wp\/v2\/posts\/997\/revisions\/1001"}],"wp:attachment":[{"href":"https:\/\/site.educa.madrid.org\/cra.vegadetajuna.orusco\/index.php\/wp-json\/wp\/v2\/media?parent=997"}],"wp:term":[{"taxonomy":"category","embeddable":true,"href":"https:\/\/site.educa.madrid.org\/cra.vegadetajuna.orusco\/index.php\/wp-json\/wp\/v2\/categories?post=997"},{"taxonomy":"post_tag","embeddable":true,"href":"https:\/\/site.educa.madrid.org\/cra.vegadetajuna.orusco\/index.php\/wp-json\/wp\/v2\/tags?post=997"},{"taxonomy":"post_folder","embeddable":true,"href":"https:\/\/site.educa.madrid.org\/cra.vegadetajuna.orusco\/index.php\/wp-json\/wp\/v2\/post_folder?post=997"}],"curies":[{"name":"wp","href":"https:\/\/api.w.org\/{rel}","templated":true}]}}