{"id":3210,"date":"2026-09-01T08:00:00","date_gmt":"2026-09-01T06:00:00","guid":{"rendered":"https:\/\/site.educa.madrid.org\/ies.antoniogala.mostoles\/?p=3210"},"modified":"2026-07-31T12:09:12","modified_gmt":"2026-07-31T10:09:12","slug":"inicio-de-curso-escolar-2026-2027","status":"publish","type":"post","link":"https:\/\/site.educa.madrid.org\/ies.antoniogala.mostoles\/index.php\/2026\/09\/01\/inicio-de-curso-escolar-2026-2027\/","title":{"rendered":"Calendario inicio de Curso Escolar 2026-2027"},"content":{"rendered":"\n<p><\/p>\n\n\n\n<p>Comenzamos un nuevo curso escolar con la ilusi\u00f3n de seguir construyendo, entre todos, un espacio de aprendizaje, convivencia y crecimiento personal.<\/p>\n\n\n\n<p>Afrontamos este a\u00f1o escolar con la ilusi\u00f3n de seguir trabajando juntos por una educaci\u00f3n de calidad, basada en el esfuerzo, el respeto y el compromiso de toda la comunidad educativa. Con la colaboraci\u00f3n de alumnado, familias, profesorado y personal no docente, seguiremos trabajando para ofrecer la mejor educaci\u00f3n posible y favorecer el desarrollo personal y acad\u00e9mico de cada uno de nuestros estudiantes.<\/p>\n\n\n\n<p><\/p>\n\n\n\n<p><\/p>\n\n\n\n<div data-wp-interactive=\"core\/file\" class=\"wp-block-file aligncenter\"><object data-wp-bind--hidden=\"!state.hasPdfPreview\" hidden class=\"wp-block-file__embed\" data=\"https:\/\/site.educa.madrid.org\/ies.antoniogala.mostoles\/\/wp-content\/uploads\/ies.antoniogala.mostoles\/2026\/09\/CALENDARIO-DE-INICIO-DE-CURSO-Alumnos-26_27-.docx.pdf\" type=\"application\/pdf\" style=\"width:100%;height:600px\" aria-label=\"Incrustado de CALENDARIO DE INICIO DE CURSO Alumnos 26_27 .docx.\"><\/object><a id=\"wp-block-file--media-284d3d20-ec09-489f-8ba9-45038352f6b9\" href=\"https:\/\/site.educa.madrid.org\/ies.antoniogala.mostoles\/\/wp-content\/uploads\/ies.antoniogala.mostoles\/2026\/09\/CALENDARIO-DE-INICIO-DE-CURSO-Alumnos-26_27-.docx.pdf\">CALENDARIO DE INICIO DE CURSO Alumnos 26_27 .docx<\/a><a href=\"https:\/\/site.educa.madrid.org\/ies.antoniogala.mostoles\/\/wp-content\/uploads\/ies.antoniogala.mostoles\/2026\/09\/CALENDARIO-DE-INICIO-DE-CURSO-Alumnos-26_27-.docx.pdf\" class=\"wp-block-file__button wp-element-button\" download aria-describedby=\"wp-block-file--media-284d3d20-ec09-489f-8ba9-45038352f6b9\">Descarga<\/a><\/div>\n\n\n\n<div data-wp-interactive=\"core\/file\" class=\"wp-block-file\"><object data-wp-bind--hidden=\"!state.hasPdfPreview\" hidden class=\"wp-block-file__embed\" data=\"https:\/\/site.educa.madrid.org\/ies.antoniogala.mostoles\/\/wp-content\/uploads\/ies.antoniogala.mostoles\/2026\/07\/Calendario_escolar_2026-2027.pdf\" type=\"application\/pdf\" style=\"width:100%;height:600px\" aria-label=\"Incrustado de Calendario_escolar_2026-2027.\"><\/object><a id=\"wp-block-file--media-11f2796a-7896-4bb2-a6e8-a08ac0090041\" href=\"https:\/\/site.educa.madrid.org\/ies.antoniogala.mostoles\/\/wp-content\/uploads\/ies.antoniogala.mostoles\/2026\/07\/Calendario_escolar_2026-2027.pdf\">Calendario_escolar_2026-2027<\/a><a href=\"https:\/\/site.educa.madrid.org\/ies.antoniogala.mostoles\/\/wp-content\/uploads\/ies.antoniogala.mostoles\/2026\/07\/Calendario_escolar_2026-2027.pdf\" class=\"wp-block-file__button wp-element-button\" download aria-describedby=\"wp-block-file--media-11f2796a-7896-4bb2-a6e8-a08ac0090041\">Descarga<\/a><\/div>\n\n\n\n<p><\/p>\n","protected":false},"excerpt":{"rendered":"<p>Comenzamos un nuevo curso escolar con la ilusi\u00f3n de seguir construyendo, entre todos, un espacio de aprendizaje, convivencia y crecimiento personal. Afrontamos este a\u00f1o escolar con la ilusi\u00f3n de seguir trabajando juntos por una educaci\u00f3n de calidad, basada en el esfuerzo, el respeto y el compromiso de toda la comunidad educativa. Con la colaboraci\u00f3n de<\/p><\/div>\n<div class=\"blog-btn\"><a href=\"https:\/\/site.educa.madrid.org\/ies.antoniogala.mostoles\/index.php\/2026\/09\/01\/inicio-de-curso-escolar-2026-2027\/\" class=\"home-blog-btn\">Leer m\u00e1s<\/a><\/p>\n","protected":false},"author":3,"featured_media":3216,"comment_status":"open","ping_status":"open","sticky":false,"template":"","format":"standard","meta":{"footnotes":""},"categories":[1],"tags":[],"post_folder":[],"class_list":["post-3210","post","type-post","status-publish","format-standard","has-post-thumbnail","hentry","category-sin-categoria"],"rttpg_featured_image_url":{"full":["https:\/\/site.educa.madrid.org\/ies.antoniogala.mostoles\/\/wp-content\/uploads\/ies.antoniogala.mostoles\/2026\/09\/Captura-de-pantalla-2026-07-29-100656.png",728,740,false],"landscape":["https:\/\/site.educa.madrid.org\/ies.antoniogala.mostoles\/\/wp-content\/uploads\/ies.antoniogala.mostoles\/2026\/09\/Captura-de-pantalla-2026-07-29-100656.png",728,740,false],"portraits":["https:\/\/site.educa.madrid.org\/ies.antoniogala.mostoles\/\/wp-content\/uploads\/ies.antoniogala.mostoles\/2026\/09\/Captura-de-pantalla-2026-07-29-100656.png",728,740,false],"thumbnail":["https:\/\/site.educa.madrid.org\/ies.antoniogala.mostoles\/\/wp-content\/uploads\/ies.antoniogala.mostoles\/2026\/09\/Captura-de-pantalla-2026-07-29-100656-150x150.png",150,150,true],"medium":["https:\/\/site.educa.madrid.org\/ies.antoniogala.mostoles\/\/wp-content\/uploads\/ies.antoniogala.mostoles\/2026\/09\/Captura-de-pantalla-2026-07-29-100656-295x300.png",295,300,true],"large":["https:\/\/site.educa.madrid.org\/ies.antoniogala.mostoles\/\/wp-content\/uploads\/ies.antoniogala.mostoles\/2026\/09\/Captura-de-pantalla-2026-07-29-100656.png",696,707,false],"thumblist":["https:\/\/site.educa.madrid.org\/ies.antoniogala.mostoles\/\/wp-content\/uploads\/ies.antoniogala.mostoles\/2026\/09\/Captura-de-pantalla-2026-07-29-100656-300x300.png",300,300,true],"thumbrelated":["https:\/\/site.educa.madrid.org\/ies.antoniogala.mostoles\/\/wp-content\/uploads\/ies.antoniogala.mostoles\/2026\/09\/Captura-de-pantalla-2026-07-29-100656-500x500.png",500,500,true],"meccarouselthumb":["https:\/\/site.educa.madrid.org\/ies.antoniogala.mostoles\/\/wp-content\/uploads\/ies.antoniogala.mostoles\/2026\/09\/Captura-de-pantalla-2026-07-29-100656-474x324.png",474,324,true],"gridsquare":["https:\/\/site.educa.madrid.org\/ies.antoniogala.mostoles\/\/wp-content\/uploads\/ies.antoniogala.mostoles\/2026\/09\/Captura-de-pantalla-2026-07-29-100656-391x260.png",391,260,true],"tileview":["https:\/\/site.educa.madrid.org\/ies.antoniogala.mostoles\/\/wp-content\/uploads\/ies.antoniogala.mostoles\/2026\/09\/Captura-de-pantalla-2026-07-29-100656-300x400.png",300,400,true],"1536x1536":["https:\/\/site.educa.madrid.org\/ies.antoniogala.mostoles\/\/wp-content\/uploads\/ies.antoniogala.mostoles\/2026\/09\/Captura-de-pantalla-2026-07-29-100656.png",728,740,false],"2048x2048":["https:\/\/site.educa.madrid.org\/ies.antoniogala.mostoles\/\/wp-content\/uploads\/ies.antoniogala.mostoles\/2026\/09\/Captura-de-pantalla-2026-07-29-100656.png",728,740,false],"sow-carousel-default":["https:\/\/site.educa.madrid.org\/ies.antoniogala.mostoles\/\/wp-content\/uploads\/ies.antoniogala.mostoles\/2026\/09\/Captura-de-pantalla-2026-07-29-100656-272x182.png",272,182,true],"sow-post-carousel-overlay-theme":["https:\/\/site.educa.madrid.org\/ies.antoniogala.mostoles\/\/wp-content\/uploads\/ies.antoniogala.mostoles\/2026\/09\/Captura-de-pantalla-2026-07-29-100656-360x476.png",360,476,true],"sow-post-carousel-cards-theme":["https:\/\/site.educa.madrid.org\/ies.antoniogala.mostoles\/\/wp-content\/uploads\/ies.antoniogala.mostoles\/2026\/09\/Captura-de-pantalla-2026-07-29-100656-360x240.png",360,240,true],"rt_custom":["https:\/\/site.educa.madrid.org\/ies.antoniogala.mostoles\/\/wp-content\/uploads\/ies.antoniogala.mostoles\/2026\/09\/Captura-de-pantalla-2026-07-29-100656.png",728,740,false]},"rttpg_author":{"display_name":"ies.antoniogala.mostoles","author_link":"https:\/\/site.educa.madrid.org\/ies.antoniogala.mostoles\/index.php\/author\/cuenta_ies-antoniogala-mostoles\/"},"rttpg_comment":0,"rttpg_category":"<a href=\"https:\/\/site.educa.madrid.org\/ies.antoniogala.mostoles\/index.php\/category\/sin-categoria\/\" rel=\"category tag\">Sin categor\u00eda<\/a>","rttpg_excerpt":"Comenzamos un nuevo curso escolar con la ilusi\u00f3n de seguir construyendo, entre todos, un espacio de aprendizaje, convivencia y crecimiento personal. Afrontamos este a\u00f1o escolar con la ilusi\u00f3n de seguir trabajando juntos por una educaci\u00f3n de calidad, basada en el esfuerzo, el respeto y el compromiso de toda la comunidad educativa. Con la colaboraci\u00f3n deLeer&hellip;","post_mailing_queue_ids":[],"_links":{"self":[{"href":"https:\/\/site.educa.madrid.org\/ies.antoniogala.mostoles\/index.php\/wp-json\/wp\/v2\/posts\/3210","targetHints":{"allow":["GET"]}}],"collection":[{"href":"https:\/\/site.educa.madrid.org\/ies.antoniogala.mostoles\/index.php\/wp-json\/wp\/v2\/posts"}],"about":[{"href":"https:\/\/site.educa.madrid.org\/ies.antoniogala.mostoles\/index.php\/wp-json\/wp\/v2\/types\/post"}],"author":[{"embeddable":true,"href":"https:\/\/site.educa.madrid.org\/ies.antoniogala.mostoles\/index.php\/wp-json\/wp\/v2\/users\/3"}],"replies":[{"embeddable":true,"href":"https:\/\/site.educa.madrid.org\/ies.antoniogala.mostoles\/index.php\/wp-json\/wp\/v2\/comments?post=3210"}],"version-history":[{"count":7,"href":"https:\/\/site.educa.madrid.org\/ies.antoniogala.mostoles\/index.php\/wp-json\/wp\/v2\/posts\/3210\/revisions"}],"predecessor-version":[{"id":3238,"href":"https:\/\/site.educa.madrid.org\/ies.antoniogala.mostoles\/index.php\/wp-json\/wp\/v2\/posts\/3210\/revisions\/3238"}],"wp:featuredmedia":[{"embeddable":true,"href":"https:\/\/site.educa.madrid.org\/ies.antoniogala.mostoles\/index.php\/wp-json\/wp\/v2\/media\/3216"}],"wp:attachment":[{"href":"https:\/\/site.educa.madrid.org\/ies.antoniogala.mostoles\/index.php\/wp-json\/wp\/v2\/media?parent=3210"}],"wp:term":[{"taxonomy":"category","embeddable":true,"href":"https:\/\/site.educa.madrid.org\/ies.antoniogala.mostoles\/index.php\/wp-json\/wp\/v2\/categories?post=3210"},{"taxonomy":"post_tag","embeddable":true,"href":"https:\/\/site.educa.madrid.org\/ies.antoniogala.mostoles\/index.php\/wp-json\/wp\/v2\/tags?post=3210"},{"taxonomy":"post_folder","embeddable":true,"href":"https:\/\/site.educa.madrid.org\/ies.antoniogala.mostoles\/index.php\/wp-json\/wp\/v2\/post_folder?post=3210"}],"curies":[{"name":"wp","href":"https:\/\/api.w.org\/{rel}","templated":true}]}}