{"id":13159,"date":"2026-08-31T16:33:18","date_gmt":"2026-08-31T14:33:18","guid":{"rendered":"https:\/\/site.educa.madrid.org\/ies.benjaminrua.mostoles\/?p=13159"},"modified":"2026-08-31T16:36:01","modified_gmt":"2026-08-31T14:36:01","slug":"calendario-de-presentaciones-de-inicio-de-curso-26-27-modalidad-presencial","status":"publish","type":"post","link":"https:\/\/site.educa.madrid.org\/ies.benjaminrua.mostoles\/index.php\/2026\/08\/31\/calendario-de-presentaciones-de-inicio-de-curso-26-27-modalidad-presencial\/","title":{"rendered":"Calendario de presentaciones de inicio de curso 26\/27 &#8211; Modalidad presencial"},"content":{"rendered":"<p>\u00a1Bienvenidos a este nuevo curso escolar!<\/p>\n<p class=\"western\">Os presentamos el calendario con las <b>fechas y horas de los actos de presentaci\u00f3n para el curso acad\u00e9mico 26\/27 de los distintos grupos de la modalidad presencial<\/b><\/p>\n<p class=\"western\">La asistencia a dichos actos de presentaci\u00f3n, dirigidos por Jefatura de Estudios, es obligatoria para todos los estudiantes matriculados en el Centro. Conocer\u00e9is a vuestros tutores y os proporcionaremos la informaci\u00f3n necesaria para que teng\u00e1is el mejor inicio de curso.<\/p>\n<p class=\"western\">El calendario es el siguiente:<\/p>\n<p class=\"western\"><b>GRUPOS DE GRADO B\u00c1SICO<\/b><\/p>\n<p class=\"western\">Las presentaciones tendr\u00e1n lugar <b>en el Edificio Reina Sof\u00eda<\/b><\/p>\n<ul>\n<li>\n<p class=\"western\"><b>1\u00ba<\/b> de Inform\u00e1tica y Telecomunicaciones &#8211; <b>Martes 8 de septiembre a las 10:00 horas<\/b><\/p>\n<\/li>\n<li>\n<p class=\"western\"><b>2\u00ba<\/b> de Inform\u00e1tica y Telecomunicaciones &#8211; <b>Mi\u00e9rcoles 9 de septiembre a las 10:00 horas.<\/b><\/p>\n<\/li>\n<\/ul>\n<hr \/>\n<p class=\"western\"><b>GRUPOS DE 1\u00ba DE GRADO MEDIO Y SUPERIOR<\/b><\/p>\n<p class=\"western\">Las presentaciones tendr\u00e1n lugar el <b>Jueves 10 de septiembre<\/b> en el <b>Sal\u00f3n de Actos del Edificio Principal<\/b> en el siguiente horario:<\/p>\n<p class=\"western\"><b>9:00 horas<\/b><\/p>\n<ul>\n<li>\n<p class=\"western\">1\u00ba Cuidados Auxiliares de Enfermer\u00eda (Turno diurno)<\/p>\n<\/li>\n<li>\n<p class=\"western\">1\u00ba Emergencias Sanitarias<\/p>\n<\/li>\n<\/ul>\n<p class=\"western\"><b>10:30 horas<\/b><\/p>\n<ul>\n<li>\n<p class=\"western\">1\u00ba Farmacia y Parafarmacia (Turno diurno)<\/p>\n<\/li>\n<li>\n<p class=\"western\">1\u00ba Instalaciones de Telecomunicaciones<\/p>\n<\/li>\n<\/ul>\n<p class=\"western\"><b>12:00 horas<\/b><\/p>\n<ul>\n<li>\n<p class=\"western\">1\u00ba Laboratorio Cl\u00ednico y Biom\u00e9dico (Turno diurno)<\/p>\n<\/li>\n<li>\n<p class=\"western\">1\u00ba Doble titulaci\u00f3n Anatom\u00eda Patol\u00f3gica y Citodiagn\u00f3stico y Laboratorio Cl\u00ednico y Biom\u00e9dico<\/p>\n<\/li>\n<li>\n<p class=\"western\">1\u00ba Prevenci\u00f3n de Riesgos Profesionales<\/p>\n<\/li>\n<li>\n<p class=\"western\">1\u00ba Qu\u00edmica y Salud Ambiental<\/p>\n<\/li>\n<\/ul>\n<p class=\"western\"><b>13:00 horas<\/b><\/p>\n<ul>\n<li>\n<p class=\"western\">1\u00ba Audiolog\u00eda Prot\u00e9sica<\/p>\n<\/li>\n<li>\n<p class=\"western\">1\u00ba Sistemas de Telecomunicaciones e Inform\u00e1ticos<\/p>\n<\/li>\n<li>\n<p class=\"western\">1\u00ba Electromedicina Cl\u00ednica<\/p>\n<\/li>\n<li>\n<p class=\"western\">1\u00ba Mantenimiento Electr\u00f3nico<\/p>\n<\/li>\n<\/ul>\n<p class=\"western\"><b>16:00 horas<\/b><\/p>\n<ul>\n<li>\n<p class=\"western\">1\u00ba Cuidados Auxiliares de Enfermer\u00eda (Turno vespertino)<\/p>\n<\/li>\n<\/ul>\n<p class=\"western\"><b>17:30 horas<\/b><\/p>\n<ul>\n<li>\n<p class=\"western\">1\u00ba Farmacia y Parafarmacia (Turno Vespertino)<\/p>\n<\/li>\n<li>\n<p class=\"western\">1\u00ba Laboratorio Cl\u00ednico y Biom\u00e9dico (Turno vespertino)<\/p>\n<\/li>\n<\/ul>\n<hr \/>\n<h4><strong>GRUPOS DE 2\u00ba y 3\u00ba DE GRADO MEDIO Y SUPERIOR<\/strong><\/h4>\n<p>Viernes <strong>11 de septiembre a las 10:00 horas<\/strong>.<\/p>\n<ul>\n<li>Todos los grupos de<strong> 2\u00ba y 3\u00ba curso de GM y GS del turno diurno: <\/strong>Los estudiantes acudiar\u00e1n a sus aulas de referencia\u00a0 y desde all\u00ed seguiran la retransmisi\u00f3n en streaming de la presentaci\u00f3n que ser realizar\u00e1 desde el aula ATECA<\/li>\n<\/ul>\n<p>Viernes <strong>11 de septiembre a las 16:00 horas<\/strong> en el <strong>Sal\u00f3n de Actos del Edificio Principal<\/strong><\/p>\n<ul>\n<li>2\u00ba Farmacia y Parafarmacia (Turno Vespertino)<\/li>\n<li>2\u00ba Laboratorio Cl\u00ednico y Biom\u00e9dico (Turno vespertino)<\/li>\n<\/ul>\n\n\n<p><\/p>\n","protected":false},"excerpt":{"rendered":"<p>\u00a1Bienvenidos a este nuevo curso escolar! Os presentamos el calendario con las fechas y horas de los actos de presentaci\u00f3n para el curso acad\u00e9mico 26\/27 de los distintos grupos de &#8230;<\/p>\n","protected":false},"author":3,"featured_media":0,"comment_status":"open","ping_status":"open","sticky":false,"template":"","format":"standard","meta":{"footnotes":""},"categories":[4],"tags":[36],"post_folder":[],"class_list":["post-13159","post","type-post","status-publish","format-standard","hentry","category-portada","tag-novedades"],"rttpg_featured_image_url":null,"rttpg_author":{"display_name":"ies.benjaminrua.mostoles","author_link":"https:\/\/site.educa.madrid.org\/ies.benjaminrua.mostoles\/index.php\/author\/cuenta_ies-benjaminrua-mostoles\/"},"rttpg_comment":0,"rttpg_category":"<a href=\"https:\/\/site.educa.madrid.org\/ies.benjaminrua.mostoles\/index.php\/category\/portada\/\" rel=\"category tag\">Portada<\/a>","rttpg_excerpt":"\u00a1Bienvenidos a este nuevo curso escolar! Os presentamos el calendario con las fechas y horas de los actos de presentaci\u00f3n para el curso acad\u00e9mico 26\/27 de los distintos grupos de ...","post_mailing_queue_ids":[],"_links":{"self":[{"href":"https:\/\/site.educa.madrid.org\/ies.benjaminrua.mostoles\/index.php\/wp-json\/wp\/v2\/posts\/13159","targetHints":{"allow":["GET"]}}],"collection":[{"href":"https:\/\/site.educa.madrid.org\/ies.benjaminrua.mostoles\/index.php\/wp-json\/wp\/v2\/posts"}],"about":[{"href":"https:\/\/site.educa.madrid.org\/ies.benjaminrua.mostoles\/index.php\/wp-json\/wp\/v2\/types\/post"}],"author":[{"embeddable":true,"href":"https:\/\/site.educa.madrid.org\/ies.benjaminrua.mostoles\/index.php\/wp-json\/wp\/v2\/users\/3"}],"replies":[{"embeddable":true,"href":"https:\/\/site.educa.madrid.org\/ies.benjaminrua.mostoles\/index.php\/wp-json\/wp\/v2\/comments?post=13159"}],"version-history":[{"count":4,"href":"https:\/\/site.educa.madrid.org\/ies.benjaminrua.mostoles\/index.php\/wp-json\/wp\/v2\/posts\/13159\/revisions"}],"predecessor-version":[{"id":13167,"href":"https:\/\/site.educa.madrid.org\/ies.benjaminrua.mostoles\/index.php\/wp-json\/wp\/v2\/posts\/13159\/revisions\/13167"}],"wp:attachment":[{"href":"https:\/\/site.educa.madrid.org\/ies.benjaminrua.mostoles\/index.php\/wp-json\/wp\/v2\/media?parent=13159"}],"wp:term":[{"taxonomy":"category","embeddable":true,"href":"https:\/\/site.educa.madrid.org\/ies.benjaminrua.mostoles\/index.php\/wp-json\/wp\/v2\/categories?post=13159"},{"taxonomy":"post_tag","embeddable":true,"href":"https:\/\/site.educa.madrid.org\/ies.benjaminrua.mostoles\/index.php\/wp-json\/wp\/v2\/tags?post=13159"},{"taxonomy":"post_folder","embeddable":true,"href":"https:\/\/site.educa.madrid.org\/ies.benjaminrua.mostoles\/index.php\/wp-json\/wp\/v2\/post_folder?post=13159"}],"curies":[{"name":"wp","href":"https:\/\/api.w.org\/{rel}","templated":true}]}}