{"id":13185,"date":"2026-09-03T14:23:27","date_gmt":"2026-09-03T12:23:27","guid":{"rendered":"https:\/\/site.educa.madrid.org\/ies.benjaminrua.mostoles\/?p=13185"},"modified":"2026-09-03T14:23:28","modified_gmt":"2026-09-03T12:23:28","slug":"calendario-y-provision-de-plazas-vacantes-en-grado-medio-septiembre","status":"publish","type":"post","link":"https:\/\/site.educa.madrid.org\/ies.benjaminrua.mostoles\/index.php\/2026\/09\/03\/calendario-y-provision-de-plazas-vacantes-en-grado-medio-septiembre\/","title":{"rendered":"CALENDARIO Y PROVISI\u00d3N DE PLAZAS VACANTES EN GRADO MEDIO &#8211; SEPTIEMBRE"},"content":{"rendered":"<p>Calendario y provisi\u00f3n de vacantes tras la finalizaci\u00f3n del proceso de admisi\u00f3n.<\/p>\n<p><strong><a href=\"https:\/\/site.educa.madrid.org\/ies.benjaminrua.mostoles\/\/wp-content\/uploads\/ies.benjaminrua.mostoles\/2026\/09\/OBTENCION-DE-PLAZAS-DE-FORMACION-PROFESIONAL-SEPTIEMBRE.pdf\">Calendario<\/a><\/strong><\/p>\n\n\n<p><\/p>\n","protected":false},"excerpt":{"rendered":"<p>Calendario y provisi\u00f3n de vacantes tras la finalizaci\u00f3n del proceso de admisi\u00f3n. Calendario<\/p>\n","protected":false},"author":3,"featured_media":0,"comment_status":"open","ping_status":"open","sticky":false,"template":"","format":"standard","meta":{"footnotes":""},"categories":[32],"tags":[],"post_folder":[],"class_list":["post-13185","post","type-post","status-publish","format-standard","hentry","category-admisiongm"],"rttpg_featured_image_url":null,"rttpg_author":{"display_name":"ies.benjaminrua.mostoles","author_link":"https:\/\/site.educa.madrid.org\/ies.benjaminrua.mostoles\/index.php\/author\/cuenta_ies-benjaminrua-mostoles\/"},"rttpg_comment":0,"rttpg_category":"<a href=\"https:\/\/site.educa.madrid.org\/ies.benjaminrua.mostoles\/index.php\/category\/admisiongm\/\" rel=\"category tag\">Admisi\u00f3n-Grado-Medio<\/a>","rttpg_excerpt":"Calendario y provisi\u00f3n de vacantes tras la finalizaci\u00f3n del proceso de admisi\u00f3n. Calendario","post_mailing_queue_ids":[],"_links":{"self":[{"href":"https:\/\/site.educa.madrid.org\/ies.benjaminrua.mostoles\/index.php\/wp-json\/wp\/v2\/posts\/13185","targetHints":{"allow":["GET"]}}],"collection":[{"href":"https:\/\/site.educa.madrid.org\/ies.benjaminrua.mostoles\/index.php\/wp-json\/wp\/v2\/posts"}],"about":[{"href":"https:\/\/site.educa.madrid.org\/ies.benjaminrua.mostoles\/index.php\/wp-json\/wp\/v2\/types\/post"}],"author":[{"embeddable":true,"href":"https:\/\/site.educa.madrid.org\/ies.benjaminrua.mostoles\/index.php\/wp-json\/wp\/v2\/users\/3"}],"replies":[{"embeddable":true,"href":"https:\/\/site.educa.madrid.org\/ies.benjaminrua.mostoles\/index.php\/wp-json\/wp\/v2\/comments?post=13185"}],"version-history":[{"count":3,"href":"https:\/\/site.educa.madrid.org\/ies.benjaminrua.mostoles\/index.php\/wp-json\/wp\/v2\/posts\/13185\/revisions"}],"predecessor-version":[{"id":13193,"href":"https:\/\/site.educa.madrid.org\/ies.benjaminrua.mostoles\/index.php\/wp-json\/wp\/v2\/posts\/13185\/revisions\/13193"}],"wp:attachment":[{"href":"https:\/\/site.educa.madrid.org\/ies.benjaminrua.mostoles\/index.php\/wp-json\/wp\/v2\/media?parent=13185"}],"wp:term":[{"taxonomy":"category","embeddable":true,"href":"https:\/\/site.educa.madrid.org\/ies.benjaminrua.mostoles\/index.php\/wp-json\/wp\/v2\/categories?post=13185"},{"taxonomy":"post_tag","embeddable":true,"href":"https:\/\/site.educa.madrid.org\/ies.benjaminrua.mostoles\/index.php\/wp-json\/wp\/v2\/tags?post=13185"},{"taxonomy":"post_folder","embeddable":true,"href":"https:\/\/site.educa.madrid.org\/ies.benjaminrua.mostoles\/index.php\/wp-json\/wp\/v2\/post_folder?post=13185"}],"curies":[{"name":"wp","href":"https:\/\/api.w.org\/{rel}","templated":true}]}}