{"id":13187,"date":"2026-09-03T14:23:00","date_gmt":"2026-09-03T12:23:00","guid":{"rendered":"https:\/\/site.educa.madrid.org\/ies.benjaminrua.mostoles\/?p=13187"},"modified":"2026-09-03T14:23:01","modified_gmt":"2026-09-03T12:23:01","slug":"calendario-y-provision-de-plazas-vacantes-en-grado-basico-septiembre","status":"publish","type":"post","link":"https:\/\/site.educa.madrid.org\/ies.benjaminrua.mostoles\/index.php\/2026\/09\/03\/calendario-y-provision-de-plazas-vacantes-en-grado-basico-septiembre\/","title":{"rendered":"CALENDARIO Y PROVISI\u00d3N DE PLAZAS VACANTES EN GRADO B\u00c1SICO &#8211; SEPTIEMBRE"},"content":{"rendered":"<p>Calendario y provisi\u00f3n de vacantes tras la finalizaci\u00f3n del proceso de admisi\u00f3n.<\/p>\n<p><strong><a href=\"https:\/\/site.educa.madrid.org\/ies.benjaminrua.mostoles\/\/wp-content\/uploads\/ies.benjaminrua.mostoles\/2026\/09\/OBTENCION-DE-PLAZAS-DE-FORMACION-PROFESIONAL-SEPTIEMBRE.pdf\">Calendario<\/a><\/strong><\/p>\n\n\n<p><\/p>\n","protected":false},"excerpt":{"rendered":"<p>Calendario y provisi\u00f3n de vacantes tras la finalizaci\u00f3n del proceso de admisi\u00f3n. Calendario<\/p>\n","protected":false},"author":3,"featured_media":0,"comment_status":"open","ping_status":"open","sticky":false,"template":"","format":"standard","meta":{"footnotes":""},"categories":[26],"tags":[],"post_folder":[],"class_list":["post-13187","post","type-post","status-publish","format-standard","hentry","category-admisiongb"],"rttpg_featured_image_url":null,"rttpg_author":{"display_name":"ies.benjaminrua.mostoles","author_link":"https:\/\/site.educa.madrid.org\/ies.benjaminrua.mostoles\/index.php\/author\/cuenta_ies-benjaminrua-mostoles\/"},"rttpg_comment":0,"rttpg_category":"<a href=\"https:\/\/site.educa.madrid.org\/ies.benjaminrua.mostoles\/index.php\/category\/admisiongb\/\" rel=\"category tag\">Admisi\u00f3n-Grado-B\u00e1sico<\/a>","rttpg_excerpt":"Calendario y provisi\u00f3n de vacantes tras la finalizaci\u00f3n del proceso de admisi\u00f3n. Calendario","post_mailing_queue_ids":[],"_links":{"self":[{"href":"https:\/\/site.educa.madrid.org\/ies.benjaminrua.mostoles\/index.php\/wp-json\/wp\/v2\/posts\/13187","targetHints":{"allow":["GET"]}}],"collection":[{"href":"https:\/\/site.educa.madrid.org\/ies.benjaminrua.mostoles\/index.php\/wp-json\/wp\/v2\/posts"}],"about":[{"href":"https:\/\/site.educa.madrid.org\/ies.benjaminrua.mostoles\/index.php\/wp-json\/wp\/v2\/types\/post"}],"author":[{"embeddable":true,"href":"https:\/\/site.educa.madrid.org\/ies.benjaminrua.mostoles\/index.php\/wp-json\/wp\/v2\/users\/3"}],"replies":[{"embeddable":true,"href":"https:\/\/site.educa.madrid.org\/ies.benjaminrua.mostoles\/index.php\/wp-json\/wp\/v2\/comments?post=13187"}],"version-history":[{"count":2,"href":"https:\/\/site.educa.madrid.org\/ies.benjaminrua.mostoles\/index.php\/wp-json\/wp\/v2\/posts\/13187\/revisions"}],"predecessor-version":[{"id":13192,"href":"https:\/\/site.educa.madrid.org\/ies.benjaminrua.mostoles\/index.php\/wp-json\/wp\/v2\/posts\/13187\/revisions\/13192"}],"wp:attachment":[{"href":"https:\/\/site.educa.madrid.org\/ies.benjaminrua.mostoles\/index.php\/wp-json\/wp\/v2\/media?parent=13187"}],"wp:term":[{"taxonomy":"category","embeddable":true,"href":"https:\/\/site.educa.madrid.org\/ies.benjaminrua.mostoles\/index.php\/wp-json\/wp\/v2\/categories?post=13187"},{"taxonomy":"post_tag","embeddable":true,"href":"https:\/\/site.educa.madrid.org\/ies.benjaminrua.mostoles\/index.php\/wp-json\/wp\/v2\/tags?post=13187"},{"taxonomy":"post_folder","embeddable":true,"href":"https:\/\/site.educa.madrid.org\/ies.benjaminrua.mostoles\/index.php\/wp-json\/wp\/v2\/post_folder?post=13187"}],"curies":[{"name":"wp","href":"https:\/\/api.w.org\/{rel}","templated":true}]}}