{"id":3415,"date":"2026-09-01T14:57:44","date_gmt":"2026-09-01T12:57:44","guid":{"rendered":"https:\/\/site.educa.madrid.org\/ies.delibes.mejorada\/?p=3415"},"modified":"2026-09-01T15:03:58","modified_gmt":"2026-09-01T13:03:58","slug":"comienzo-de-curso","status":"publish","type":"post","link":"https:\/\/site.educa.madrid.org\/ies.delibes.mejorada\/index.php\/2026\/09\/01\/comienzo-de-curso\/","title":{"rendered":"Comienzo de curso"},"content":{"rendered":"<p>Queridas familias:<\/p>\n<p>Les anuncimos que las presentaciones de alumnos del d\u00eda 8 de septiembre ser\u00e1n seg\u00fan el siguiente horario:<\/p>\n<p>&nbsp;<\/p>\n<ul>\n<li><strong>10.00 h.<\/strong>: 2\u00ba y 3\u00ba ESO<\/li>\n<li><strong>11.00 h.:<\/strong> 1\u00ba y 4\u00ba de ESO<\/li>\n<li><strong>12.30 h:<\/strong> Bachilleratos<\/li>\n<\/ul>\n<p>El d\u00eda 9 de septimbre hay clase desde las 8.25h. Muchas gracias.<\/p>\n<p>&nbsp;<\/p>\n","protected":false},"excerpt":{"rendered":"<p>Queridas familias: Les anuncimos que las presentaciones de alumnos del d\u00eda 8 de septiembre ser\u00e1n seg\u00fan el siguiente horario: &nbsp; 10.00 h.: 2\u00ba y 3\u00ba ESO 11.00 h.: 1\u00ba y &#8230;<\/p>\n","protected":false},"author":3,"featured_media":2575,"comment_status":"open","ping_status":"open","sticky":false,"template":"","format":"standard","meta":{"footnotes":""},"categories":[25,35,27],"tags":[],"post_folder":[],"class_list":["post-3415","post","type-post","status-publish","format-standard","has-post-thumbnail","hentry","category-blog","category-familias","category-portada"],"rttpg_featured_image_url":{"full":["https:\/\/site.educa.madrid.org\/ies.delibes.mejorada\/\/wp-content\/uploads\/ies.delibes.mejorada\/2024\/09\/nuevocurso-2019.jpg",1164,900,false],"landscape":["https:\/\/site.educa.madrid.org\/ies.delibes.mejorada\/\/wp-content\/uploads\/ies.delibes.mejorada\/2024\/09\/nuevocurso-2019.jpg",1164,900,false],"portraits":["https:\/\/site.educa.madrid.org\/ies.delibes.mejorada\/\/wp-content\/uploads\/ies.delibes.mejorada\/2024\/09\/nuevocurso-2019.jpg",1164,900,false],"thumbnail":["https:\/\/site.educa.madrid.org\/ies.delibes.mejorada\/\/wp-content\/uploads\/ies.delibes.mejorada\/2024\/09\/nuevocurso-2019-150x150.jpg",150,150,true],"medium":["https:\/\/site.educa.madrid.org\/ies.delibes.mejorada\/\/wp-content\/uploads\/ies.delibes.mejorada\/2024\/09\/nuevocurso-2019-300x232.jpg",300,232,true],"large":["https:\/\/site.educa.madrid.org\/ies.delibes.mejorada\/\/wp-content\/uploads\/ies.delibes.mejorada\/2024\/09\/nuevocurso-2019-1024x792.jpg",800,619,true],"thumblist":["https:\/\/site.educa.madrid.org\/ies.delibes.mejorada\/\/wp-content\/uploads\/ies.delibes.mejorada\/2024\/09\/nuevocurso-2019-300x300.jpg",300,300,true],"thumbrelated":["https:\/\/site.educa.madrid.org\/ies.delibes.mejorada\/\/wp-content\/uploads\/ies.delibes.mejorada\/2024\/09\/nuevocurso-2019-500x500.jpg",500,500,true],"meccarouselthumb":["https:\/\/site.educa.madrid.org\/ies.delibes.mejorada\/\/wp-content\/uploads\/ies.delibes.mejorada\/2024\/09\/nuevocurso-2019-474x324.jpg",474,324,true],"gridsquare":["https:\/\/site.educa.madrid.org\/ies.delibes.mejorada\/\/wp-content\/uploads\/ies.delibes.mejorada\/2024\/09\/nuevocurso-2019-391x260.jpg",391,260,true],"tileview":["https:\/\/site.educa.madrid.org\/ies.delibes.mejorada\/\/wp-content\/uploads\/ies.delibes.mejorada\/2024\/09\/nuevocurso-2019-300x400.jpg",300,400,true],"1536x1536":["https:\/\/site.educa.madrid.org\/ies.delibes.mejorada\/\/wp-content\/uploads\/ies.delibes.mejorada\/2024\/09\/nuevocurso-2019.jpg",1164,900,false],"2048x2048":["https:\/\/site.educa.madrid.org\/ies.delibes.mejorada\/\/wp-content\/uploads\/ies.delibes.mejorada\/2024\/09\/nuevocurso-2019.jpg",1164,900,false],"onepress-blog-small":["https:\/\/site.educa.madrid.org\/ies.delibes.mejorada\/\/wp-content\/uploads\/ies.delibes.mejorada\/2024\/09\/nuevocurso-2019-300x150.jpg",300,150,true],"onepress-small":["https:\/\/site.educa.madrid.org\/ies.delibes.mejorada\/\/wp-content\/uploads\/ies.delibes.mejorada\/2024\/09\/nuevocurso-2019-480x300.jpg",480,300,true],"onepress-medium":["https:\/\/site.educa.madrid.org\/ies.delibes.mejorada\/\/wp-content\/uploads\/ies.delibes.mejorada\/2024\/09\/nuevocurso-2019-640x400.jpg",640,400,true],"sow-carousel-default":["https:\/\/site.educa.madrid.org\/ies.delibes.mejorada\/\/wp-content\/uploads\/ies.delibes.mejorada\/2024\/09\/nuevocurso-2019-272x182.jpg",272,182,true],"sow-post-carousel-overlay-theme":["https:\/\/site.educa.madrid.org\/ies.delibes.mejorada\/\/wp-content\/uploads\/ies.delibes.mejorada\/2024\/09\/nuevocurso-2019.jpg",360,278,false],"sow-post-carousel-cards-theme":["https:\/\/site.educa.madrid.org\/ies.delibes.mejorada\/\/wp-content\/uploads\/ies.delibes.mejorada\/2024\/09\/nuevocurso-2019.jpg",310,240,false],"rt_custom":["https:\/\/site.educa.madrid.org\/ies.delibes.mejorada\/\/wp-content\/uploads\/ies.delibes.mejorada\/2024\/09\/nuevocurso-2019.jpg",1164,900,false]},"rttpg_author":{"display_name":"ies.delibes.mejorada","author_link":"https:\/\/site.educa.madrid.org\/ies.delibes.mejorada\/index.php\/author\/cuenta_ies-delibes-mejorada\/"},"rttpg_comment":0,"rttpg_category":"<a href=\"https:\/\/site.educa.madrid.org\/ies.delibes.mejorada\/index.php\/category\/blog\/\" rel=\"category tag\">Blog<\/a> <a href=\"https:\/\/site.educa.madrid.org\/ies.delibes.mejorada\/index.php\/category\/familias\/\" rel=\"category tag\">Familias<\/a> <a href=\"https:\/\/site.educa.madrid.org\/ies.delibes.mejorada\/index.php\/category\/portada\/\" rel=\"category tag\">Portada<\/a>","rttpg_excerpt":"Queridas familias: Les anuncimos que las presentaciones de alumnos del d\u00eda 8 de septiembre ser\u00e1n seg\u00fan el siguiente horario: &nbsp; 10.00 h.: 2\u00ba y 3\u00ba ESO 11.00 h.: 1\u00ba y ...","post_mailing_queue_ids":[],"_links":{"self":[{"href":"https:\/\/site.educa.madrid.org\/ies.delibes.mejorada\/index.php\/wp-json\/wp\/v2\/posts\/3415","targetHints":{"allow":["GET"]}}],"collection":[{"href":"https:\/\/site.educa.madrid.org\/ies.delibes.mejorada\/index.php\/wp-json\/wp\/v2\/posts"}],"about":[{"href":"https:\/\/site.educa.madrid.org\/ies.delibes.mejorada\/index.php\/wp-json\/wp\/v2\/types\/post"}],"author":[{"embeddable":true,"href":"https:\/\/site.educa.madrid.org\/ies.delibes.mejorada\/index.php\/wp-json\/wp\/v2\/users\/3"}],"replies":[{"embeddable":true,"href":"https:\/\/site.educa.madrid.org\/ies.delibes.mejorada\/index.php\/wp-json\/wp\/v2\/comments?post=3415"}],"version-history":[{"count":1,"href":"https:\/\/site.educa.madrid.org\/ies.delibes.mejorada\/index.php\/wp-json\/wp\/v2\/posts\/3415\/revisions"}],"predecessor-version":[{"id":3416,"href":"https:\/\/site.educa.madrid.org\/ies.delibes.mejorada\/index.php\/wp-json\/wp\/v2\/posts\/3415\/revisions\/3416"}],"wp:featuredmedia":[{"embeddable":true,"href":"https:\/\/site.educa.madrid.org\/ies.delibes.mejorada\/index.php\/wp-json\/wp\/v2\/media\/2575"}],"wp:attachment":[{"href":"https:\/\/site.educa.madrid.org\/ies.delibes.mejorada\/index.php\/wp-json\/wp\/v2\/media?parent=3415"}],"wp:term":[{"taxonomy":"category","embeddable":true,"href":"https:\/\/site.educa.madrid.org\/ies.delibes.mejorada\/index.php\/wp-json\/wp\/v2\/categories?post=3415"},{"taxonomy":"post_tag","embeddable":true,"href":"https:\/\/site.educa.madrid.org\/ies.delibes.mejorada\/index.php\/wp-json\/wp\/v2\/tags?post=3415"},{"taxonomy":"post_folder","embeddable":true,"href":"https:\/\/site.educa.madrid.org\/ies.delibes.mejorada\/index.php\/wp-json\/wp\/v2\/post_folder?post=3415"}],"curies":[{"name":"wp","href":"https:\/\/api.w.org\/{rel}","templated":true}]}}