{"id":10094,"date":"2023-04-26T20:01:01","date_gmt":"2023-04-26T18:01:01","guid":{"rendered":"https:\/\/site.educa.madrid.org\/ies.julioverne.leganes\/?p=10094"},"modified":"2023-05-03T14:11:55","modified_gmt":"2023-05-03T12:11:55","slug":"enhorabuena","status":"publish","type":"post","link":"https:\/\/site.educa.madrid.org\/ies.julioverne.leganes\/index.php\/2023\/04\/26\/enhorabuena\/","title":{"rendered":"\u00a1 ENHORABUENA !"},"content":{"rendered":"\n<div class=\"wp-block-image\"><figure class=\"alignleft\"><img loading=\"lazy\" decoding=\"async\" width=\"300\" height=\"169\" src=\"https:\/\/site.educa.madrid.org\/ies.julioverne.leganes\/\/wp-content\/uploads\/ies.julioverne.leganes\/2023\/04\/Screenshot_1-300x169.png\" alt=\"\" class=\"wp-image-10095\" srcset=\"https:\/\/site.educa.madrid.org\/ies.julioverne.leganes\/\/wp-content\/uploads\/ies.julioverne.leganes\/2023\/04\/Screenshot_1-300x169.png 300w, https:\/\/site.educa.madrid.org\/ies.julioverne.leganes\/\/wp-content\/uploads\/ies.julioverne.leganes\/2023\/04\/Screenshot_1-1024x577.png 1024w, https:\/\/site.educa.madrid.org\/ies.julioverne.leganes\/\/wp-content\/uploads\/ies.julioverne.leganes\/2023\/04\/Screenshot_1-768x433.png 768w, https:\/\/site.educa.madrid.org\/ies.julioverne.leganes\/\/wp-content\/uploads\/ies.julioverne.leganes\/2023\/04\/Screenshot_1.png 1443w\" sizes=\"auto, (max-width: 300px) 100vw, 300px\" \/><\/figure><\/div>\n\n\n\n<p>El grupo de alumnos de 4\u00ba ESO formado por Candela L\u00f3pez Corchado, Nerea Pastor Gonz\u00e1lez, Alex del R\u00edo \u00c1lamo, Lorena S\u00e1nchez Bohoyo y Laura Villaescusa Garc\u00eda, <strong>ha resultado ganador a nivel nacional<\/strong> de la 3\u00aa Gymkana <em>La Ciencia de los datos<\/em> promovido por la Universidad <strong>Carlos III<\/strong> de Madrid. <\/p>\n\n\n\n<!--more-->\n\n\n\n<p>En este curso la propuesta consist\u00eda en la visualizaci\u00f3n e interpretaci\u00f3n de datos relacionados con el <strong>cambio clim\u00e1tico<\/strong> (emisiones de CO2, evoluci\u00f3n de temperatura, lluvia, deshielo,&#8230;), con el objetivo de mostrar su impacto en la calidad de vida de las personas y ecosistemas, as\u00ed como posibles l\u00edneas de acci\u00f3n.<\/p>\n\n\n\n<p>El&nbsp;tema responde al <strong>Objetivo de Desarrollo Sostenible (ODS) 13<\/strong>:<strong> \u00abAcci\u00f3n por el Clima\u00bb<\/strong> de Naciones Unidas, una hoja de ruta que recoge de forma&nbsp;sencilla las metas a alcanzar para lograr un mundo mejor, y resolver los retos econ\u00f3micos, sociales y medioambientales m\u00e1s acuciantes antes de&nbsp;2030.<\/p>\n\n\n\n<p>El enlace a la grabaci\u00f3n de la final de la Gymkana es <strong><a href=\"https:\/\/www.youtube.com\/live\/Pv_pOEHq9fs?feature=share\">este<\/a>, <\/strong>estando la presentaci\u00f3n de su trabajo en el minuto 1:15:00.<\/p>\n\n\n\n<p><a rel=\"noreferrer noopener\" href=\"https:\/\/www.flickr.com\/photos\/centroorientacion\/albums\/72177720307812299\" target=\"_blank\">Enlace fotos final gymkana<\/a><\/p>\n\n\n\n<p>Web con los ganadores, <a rel=\"noreferrer noopener\" href=\"https:\/\/www.uc3m.es\/secundaria\/gymkanadatos\" target=\"_blank\">Web gymkana<\/a><\/p>\n","protected":false},"excerpt":{"rendered":"<p>El grupo de alumnos de 4\u00ba ESO formado por Candela L\u00f3pez Corchado, Nerea Pastor Gonz\u00e1lez, Alex del R\u00edo \u00c1lamo, Lorena S\u00e1nchez Bohoyo y Laura Villaescusa Garc\u00eda, ha resultado ganador a &#8230;<\/p>\n","protected":false},"author":5,"featured_media":10095,"comment_status":"closed","ping_status":"closed","sticky":false,"template":"","format":"standard","meta":{"footnotes":""},"categories":[5],"tags":[],"post_folder":[],"class_list":["post-10094","post","type-post","status-publish","format-standard","has-post-thumbnail","hentry","category-noticias-de-portada"],"rttpg_featured_image_url":{"full":["https:\/\/site.educa.madrid.org\/ies.julioverne.leganes\/\/wp-content\/uploads\/ies.julioverne.leganes\/2023\/04\/Screenshot_1.png",1443,813,false],"landscape":["https:\/\/site.educa.madrid.org\/ies.julioverne.leganes\/\/wp-content\/uploads\/ies.julioverne.leganes\/2023\/04\/Screenshot_1.png",1443,813,false],"portraits":["https:\/\/site.educa.madrid.org\/ies.julioverne.leganes\/\/wp-content\/uploads\/ies.julioverne.leganes\/2023\/04\/Screenshot_1.png",1443,813,false],"thumbnail":["https:\/\/site.educa.madrid.org\/ies.julioverne.leganes\/\/wp-content\/uploads\/ies.julioverne.leganes\/2023\/04\/Screenshot_1-150x150.png",150,150,true],"medium":["https:\/\/site.educa.madrid.org\/ies.julioverne.leganes\/\/wp-content\/uploads\/ies.julioverne.leganes\/2023\/04\/Screenshot_1-300x169.png",300,169,true],"large":["https:\/\/site.educa.madrid.org\/ies.julioverne.leganes\/\/wp-content\/uploads\/ies.julioverne.leganes\/2023\/04\/Screenshot_1-1024x577.png",800,451,true],"thumblist":["https:\/\/site.educa.madrid.org\/ies.julioverne.leganes\/\/wp-content\/uploads\/ies.julioverne.leganes\/2023\/04\/Screenshot_1-300x300.png",300,300,true],"thumbrelated":["https:\/\/site.educa.madrid.org\/ies.julioverne.leganes\/\/wp-content\/uploads\/ies.julioverne.leganes\/2023\/04\/Screenshot_1.png",500,282,false],"meccarouselthumb":["https:\/\/site.educa.madrid.org\/ies.julioverne.leganes\/\/wp-content\/uploads\/ies.julioverne.leganes\/2023\/04\/Screenshot_1-474x324.png",474,324,true],"gridsquare":["https:\/\/site.educa.madrid.org\/ies.julioverne.leganes\/\/wp-content\/uploads\/ies.julioverne.leganes\/2023\/04\/Screenshot_1-391x260.png",391,260,true],"tileview":["https:\/\/site.educa.madrid.org\/ies.julioverne.leganes\/\/wp-content\/uploads\/ies.julioverne.leganes\/2023\/04\/Screenshot_1-300x400.png",300,400,true],"1536x1536":["https:\/\/site.educa.madrid.org\/ies.julioverne.leganes\/\/wp-content\/uploads\/ies.julioverne.leganes\/2023\/04\/Screenshot_1.png",1443,813,false],"2048x2048":["https:\/\/site.educa.madrid.org\/ies.julioverne.leganes\/\/wp-content\/uploads\/ies.julioverne.leganes\/2023\/04\/Screenshot_1.png",1443,813,false],"onepress-blog-small":["https:\/\/site.educa.madrid.org\/ies.julioverne.leganes\/\/wp-content\/uploads\/ies.julioverne.leganes\/2023\/04\/Screenshot_1-300x150.png",300,150,true],"onepress-small":["https:\/\/site.educa.madrid.org\/ies.julioverne.leganes\/\/wp-content\/uploads\/ies.julioverne.leganes\/2023\/04\/Screenshot_1-480x300.png",480,300,true],"onepress-medium":["https:\/\/site.educa.madrid.org\/ies.julioverne.leganes\/\/wp-content\/uploads\/ies.julioverne.leganes\/2023\/04\/Screenshot_1-640x400.png",640,400,true],"sow-carousel-default":["https:\/\/site.educa.madrid.org\/ies.julioverne.leganes\/\/wp-content\/uploads\/ies.julioverne.leganes\/2023\/04\/Screenshot_1-272x182.png",272,182,true],"sow-post-carousel-overlay-theme":["https:\/\/site.educa.madrid.org\/ies.julioverne.leganes\/\/wp-content\/uploads\/ies.julioverne.leganes\/2023\/04\/Screenshot_1.png",360,203,false],"sow-post-carousel-cards-theme":["https:\/\/site.educa.madrid.org\/ies.julioverne.leganes\/\/wp-content\/uploads\/ies.julioverne.leganes\/2023\/04\/Screenshot_1.png",360,203,false],"rt_custom":["https:\/\/site.educa.madrid.org\/ies.julioverne.leganes\/\/wp-content\/uploads\/ies.julioverne.leganes\/2023\/04\/Screenshot_1.png",1443,813,false]},"rttpg_author":{"display_name":"Fco. Javier Bell\u00f3n Jaramillo","author_link":"https:\/\/site.educa.madrid.org\/ies.julioverne.leganes\/index.php\/author\/francisco-j_belln-jaramillo\/"},"rttpg_comment":0,"rttpg_category":"<a href=\"https:\/\/site.educa.madrid.org\/ies.julioverne.leganes\/index.php\/category\/noticias-de-portada\/\" rel=\"category tag\">Noticias de Portada<\/a>","rttpg_excerpt":"El grupo de alumnos de 4\u00ba ESO formado por Candela L\u00f3pez Corchado, Nerea Pastor Gonz\u00e1lez, Alex del R\u00edo \u00c1lamo, Lorena S\u00e1nchez Bohoyo y Laura Villaescusa Garc\u00eda, ha resultado ganador a ...","post_mailing_queue_ids":[],"_links":{"self":[{"href":"https:\/\/site.educa.madrid.org\/ies.julioverne.leganes\/index.php\/wp-json\/wp\/v2\/posts\/10094","targetHints":{"allow":["GET"]}}],"collection":[{"href":"https:\/\/site.educa.madrid.org\/ies.julioverne.leganes\/index.php\/wp-json\/wp\/v2\/posts"}],"about":[{"href":"https:\/\/site.educa.madrid.org\/ies.julioverne.leganes\/index.php\/wp-json\/wp\/v2\/types\/post"}],"author":[{"embeddable":true,"href":"https:\/\/site.educa.madrid.org\/ies.julioverne.leganes\/index.php\/wp-json\/wp\/v2\/users\/5"}],"replies":[{"embeddable":true,"href":"https:\/\/site.educa.madrid.org\/ies.julioverne.leganes\/index.php\/wp-json\/wp\/v2\/comments?post=10094"}],"version-history":[{"count":5,"href":"https:\/\/site.educa.madrid.org\/ies.julioverne.leganes\/index.php\/wp-json\/wp\/v2\/posts\/10094\/revisions"}],"predecessor-version":[{"id":10105,"href":"https:\/\/site.educa.madrid.org\/ies.julioverne.leganes\/index.php\/wp-json\/wp\/v2\/posts\/10094\/revisions\/10105"}],"wp:featuredmedia":[{"embeddable":true,"href":"https:\/\/site.educa.madrid.org\/ies.julioverne.leganes\/index.php\/wp-json\/wp\/v2\/media\/10095"}],"wp:attachment":[{"href":"https:\/\/site.educa.madrid.org\/ies.julioverne.leganes\/index.php\/wp-json\/wp\/v2\/media?parent=10094"}],"wp:term":[{"taxonomy":"category","embeddable":true,"href":"https:\/\/site.educa.madrid.org\/ies.julioverne.leganes\/index.php\/wp-json\/wp\/v2\/categories?post=10094"},{"taxonomy":"post_tag","embeddable":true,"href":"https:\/\/site.educa.madrid.org\/ies.julioverne.leganes\/index.php\/wp-json\/wp\/v2\/tags?post=10094"},{"taxonomy":"post_folder","embeddable":true,"href":"https:\/\/site.educa.madrid.org\/ies.julioverne.leganes\/index.php\/wp-json\/wp\/v2\/post_folder?post=10094"}],"curies":[{"name":"wp","href":"https:\/\/api.w.org\/{rel}","templated":true}]}}