{"id":1236,"date":"2020-11-12T20:12:40","date_gmt":"2020-11-12T20:12:40","guid":{"rendered":"https:\/\/site.educa.madrid.org\/ies.julioverne.leganes\/?p=1236"},"modified":"2021-02-23T13:48:35","modified_gmt":"2021-02-23T13:48:35","slug":"jornadas-pedagogicas-activas","status":"publish","type":"post","link":"https:\/\/site.educa.madrid.org\/ies.julioverne.leganes\/index.php\/2020\/11\/12\/jornadas-pedagogicas-activas\/","title":{"rendered":"Jornadas \u201cInnovaci\u00f3n educativa\u00bb"},"content":{"rendered":"\n<p>Dentro del plan de formaci\u00f3n al profesorado del IES Julio Verne y en el Seminario de Pedagog\u00edas Activas se han organizado las jornadas siguientes.<\/p>\n\n\n\n<div class=\"wp-block-image\"><figure class=\"aligncenter size-large\"><a href=\"https:\/\/site.educa.madrid.org\/ies.julioverne.leganes\/\/wp-content\/uploads\/ies.julioverne.leganes\/2020\/11\/Cartel-Jornadas-PEDAGOG\u00cdAS-ACTIVAS-2020.pdf\"><img loading=\"lazy\" decoding=\"async\" width=\"284\" height=\"404\" src=\"https:\/\/site.educa.madrid.org\/ies.julioverne.leganes\/\/wp-content\/uploads\/ies.julioverne.leganes\/2020\/11\/cartel-jornadas-pedag\u00f3gicas.png\" alt=\"\" class=\"wp-image-1237\" srcset=\"https:\/\/site.educa.madrid.org\/ies.julioverne.leganes\/\/wp-content\/uploads\/ies.julioverne.leganes\/2020\/11\/cartel-jornadas-pedag\u00f3gicas.png 284w, https:\/\/site.educa.madrid.org\/ies.julioverne.leganes\/\/wp-content\/uploads\/ies.julioverne.leganes\/2020\/11\/cartel-jornadas-pedag\u00f3gicas-211x300.png 211w\" sizes=\"auto, (max-width: 284px) 100vw, 284px\" \/><\/a><figcaption><em>Para baj\u00e1rtelo pincha en la imagen<\/em><\/figcaption><\/figure><\/div>\n\n\n\n<p>Si desea participar de algunas de estas ponencias, por favor, p\u00f3ngase en contacto con la direcci\u00f3n de correo electr\u00f3nico: <a href=\"mailto:direccion@iesjulioverne.org\" target=\"_blank\" rel=\"noreferrer noopener\">direccion@iesjulioverne.org<\/a><\/p>\n","protected":false},"excerpt":{"rendered":"<p>Dentro del plan de formaci\u00f3n al profesorado del IES Julio Verne y en el Seminario de Pedagog\u00edas Activas se han organizado las jornadas siguientes. Si desea participar de algunas de &#8230;<\/p>\n","protected":false},"author":5,"featured_media":1244,"comment_status":"open","ping_status":"open","sticky":false,"template":"","format":"standard","meta":{"footnotes":""},"categories":[5],"tags":[],"post_folder":[],"class_list":["post-1236","post","type-post","status-publish","format-standard","has-post-thumbnail","hentry","category-noticias-de-portada"],"rttpg_featured_image_url":{"full":["https:\/\/site.educa.madrid.org\/ies.julioverne.leganes\/\/wp-content\/uploads\/ies.julioverne.leganes\/2020\/11\/jornadas-pedag\u00f3gicas.png",1112,537,false],"landscape":["https:\/\/site.educa.madrid.org\/ies.julioverne.leganes\/\/wp-content\/uploads\/ies.julioverne.leganes\/2020\/11\/jornadas-pedag\u00f3gicas.png",1112,537,false],"portraits":["https:\/\/site.educa.madrid.org\/ies.julioverne.leganes\/\/wp-content\/uploads\/ies.julioverne.leganes\/2020\/11\/jornadas-pedag\u00f3gicas.png",1112,537,false],"thumbnail":["https:\/\/site.educa.madrid.org\/ies.julioverne.leganes\/\/wp-content\/uploads\/ies.julioverne.leganes\/2020\/11\/jornadas-pedag\u00f3gicas-150x150.png",150,150,true],"medium":["https:\/\/site.educa.madrid.org\/ies.julioverne.leganes\/\/wp-content\/uploads\/ies.julioverne.leganes\/2020\/11\/jornadas-pedag\u00f3gicas-300x145.png",300,145,true],"large":["https:\/\/site.educa.madrid.org\/ies.julioverne.leganes\/\/wp-content\/uploads\/ies.julioverne.leganes\/2020\/11\/jornadas-pedag\u00f3gicas-1024x495.png",800,387,true],"thumblist":["https:\/\/site.educa.madrid.org\/ies.julioverne.leganes\/\/wp-content\/uploads\/ies.julioverne.leganes\/2020\/11\/jornadas-pedag\u00f3gicas.png",300,145,false],"thumbrelated":["https:\/\/site.educa.madrid.org\/ies.julioverne.leganes\/\/wp-content\/uploads\/ies.julioverne.leganes\/2020\/11\/jornadas-pedag\u00f3gicas.png",500,241,false],"meccarouselthumb":["https:\/\/site.educa.madrid.org\/ies.julioverne.leganes\/\/wp-content\/uploads\/ies.julioverne.leganes\/2020\/11\/jornadas-pedag\u00f3gicas.png",474,229,false],"gridsquare":["https:\/\/site.educa.madrid.org\/ies.julioverne.leganes\/\/wp-content\/uploads\/ies.julioverne.leganes\/2020\/11\/jornadas-pedag\u00f3gicas.png",391,189,false],"tileview":["https:\/\/site.educa.madrid.org\/ies.julioverne.leganes\/\/wp-content\/uploads\/ies.julioverne.leganes\/2020\/11\/jornadas-pedag\u00f3gicas.png",300,145,false],"1536x1536":["https:\/\/site.educa.madrid.org\/ies.julioverne.leganes\/\/wp-content\/uploads\/ies.julioverne.leganes\/2020\/11\/jornadas-pedag\u00f3gicas.png",1112,537,false],"2048x2048":["https:\/\/site.educa.madrid.org\/ies.julioverne.leganes\/\/wp-content\/uploads\/ies.julioverne.leganes\/2020\/11\/jornadas-pedag\u00f3gicas.png",1112,537,false],"onepress-blog-small":["https:\/\/site.educa.madrid.org\/ies.julioverne.leganes\/\/wp-content\/uploads\/ies.julioverne.leganes\/2020\/11\/jornadas-pedag\u00f3gicas-300x150.png",300,150,true],"onepress-small":["https:\/\/site.educa.madrid.org\/ies.julioverne.leganes\/\/wp-content\/uploads\/ies.julioverne.leganes\/2020\/11\/jornadas-pedag\u00f3gicas-480x300.png",480,300,true],"onepress-medium":["https:\/\/site.educa.madrid.org\/ies.julioverne.leganes\/\/wp-content\/uploads\/ies.julioverne.leganes\/2020\/11\/jornadas-pedag\u00f3gicas-640x400.png",640,400,true],"sow-carousel-default":["https:\/\/site.educa.madrid.org\/ies.julioverne.leganes\/\/wp-content\/uploads\/ies.julioverne.leganes\/2020\/11\/jornadas-pedag\u00f3gicas.png",272,131,false],"sow-post-carousel-overlay-theme":["https:\/\/site.educa.madrid.org\/ies.julioverne.leganes\/\/wp-content\/uploads\/ies.julioverne.leganes\/2020\/11\/jornadas-pedag\u00f3gicas.png",360,174,false],"sow-post-carousel-cards-theme":["https:\/\/site.educa.madrid.org\/ies.julioverne.leganes\/\/wp-content\/uploads\/ies.julioverne.leganes\/2020\/11\/jornadas-pedag\u00f3gicas.png",360,174,false],"rt_custom":["https:\/\/site.educa.madrid.org\/ies.julioverne.leganes\/\/wp-content\/uploads\/ies.julioverne.leganes\/2020\/11\/jornadas-pedag\u00f3gicas.png",1112,537,false]},"rttpg_author":{"display_name":"Fco. Javier Bell\u00f3n Jaramillo","author_link":"https:\/\/site.educa.madrid.org\/ies.julioverne.leganes\/index.php\/author\/francisco-j_belln-jaramillo\/"},"rttpg_comment":0,"rttpg_category":"<a href=\"https:\/\/site.educa.madrid.org\/ies.julioverne.leganes\/index.php\/category\/noticias-de-portada\/\" rel=\"category tag\">Noticias de Portada<\/a>","rttpg_excerpt":"Dentro del plan de formaci\u00f3n al profesorado del IES Julio Verne y en el Seminario de Pedagog\u00edas Activas se han organizado las jornadas siguientes. Si desea participar de algunas de ...","post_mailing_queue_ids":[],"_links":{"self":[{"href":"https:\/\/site.educa.madrid.org\/ies.julioverne.leganes\/index.php\/wp-json\/wp\/v2\/posts\/1236","targetHints":{"allow":["GET"]}}],"collection":[{"href":"https:\/\/site.educa.madrid.org\/ies.julioverne.leganes\/index.php\/wp-json\/wp\/v2\/posts"}],"about":[{"href":"https:\/\/site.educa.madrid.org\/ies.julioverne.leganes\/index.php\/wp-json\/wp\/v2\/types\/post"}],"author":[{"embeddable":true,"href":"https:\/\/site.educa.madrid.org\/ies.julioverne.leganes\/index.php\/wp-json\/wp\/v2\/users\/5"}],"replies":[{"embeddable":true,"href":"https:\/\/site.educa.madrid.org\/ies.julioverne.leganes\/index.php\/wp-json\/wp\/v2\/comments?post=1236"}],"version-history":[{"count":5,"href":"https:\/\/site.educa.madrid.org\/ies.julioverne.leganes\/index.php\/wp-json\/wp\/v2\/posts\/1236\/revisions"}],"predecessor-version":[{"id":2778,"href":"https:\/\/site.educa.madrid.org\/ies.julioverne.leganes\/index.php\/wp-json\/wp\/v2\/posts\/1236\/revisions\/2778"}],"wp:featuredmedia":[{"embeddable":true,"href":"https:\/\/site.educa.madrid.org\/ies.julioverne.leganes\/index.php\/wp-json\/wp\/v2\/media\/1244"}],"wp:attachment":[{"href":"https:\/\/site.educa.madrid.org\/ies.julioverne.leganes\/index.php\/wp-json\/wp\/v2\/media?parent=1236"}],"wp:term":[{"taxonomy":"category","embeddable":true,"href":"https:\/\/site.educa.madrid.org\/ies.julioverne.leganes\/index.php\/wp-json\/wp\/v2\/categories?post=1236"},{"taxonomy":"post_tag","embeddable":true,"href":"https:\/\/site.educa.madrid.org\/ies.julioverne.leganes\/index.php\/wp-json\/wp\/v2\/tags?post=1236"},{"taxonomy":"post_folder","embeddable":true,"href":"https:\/\/site.educa.madrid.org\/ies.julioverne.leganes\/index.php\/wp-json\/wp\/v2\/post_folder?post=1236"}],"curies":[{"name":"wp","href":"https:\/\/api.w.org\/{rel}","templated":true}]}}