{"id":1784,"date":"2020-11-25T20:37:12","date_gmt":"2020-11-25T20:37:12","guid":{"rendered":"https:\/\/site.educa.madrid.org\/ies.julioverne.leganes\/?p=1784"},"modified":"2020-11-25T20:52:09","modified_gmt":"2020-11-25T20:52:09","slug":"ponencia-sobre-arte-y-botanica-dentro-de-las-jornadas-de-pedagogia-activas","status":"publish","type":"post","link":"https:\/\/site.educa.madrid.org\/ies.julioverne.leganes\/index.php\/2020\/11\/25\/ponencia-sobre-arte-y-botanica-dentro-de-las-jornadas-de-pedagogia-activas\/","title":{"rendered":"Ponencia sobre arte y bot\u00e1nica dentro de las Jornadas de Pedagog\u00eda Activas"},"content":{"rendered":"\n<figure class=\"wp-block-image size-large\"><img loading=\"lazy\" decoding=\"async\" width=\"1024\" height=\"768\" src=\"https:\/\/site.educa.madrid.org\/ies.julioverne.leganes\/\/wp-content\/uploads\/ies.julioverne.leganes\/2020\/11\/ponenciaarteybot\u00e1nica-nov-20.jpg\" alt=\"\" class=\"wp-image-1786\" srcset=\"https:\/\/site.educa.madrid.org\/ies.julioverne.leganes\/\/wp-content\/uploads\/ies.julioverne.leganes\/2020\/11\/ponenciaarteybot\u00e1nica-nov-20.jpg 1024w, https:\/\/site.educa.madrid.org\/ies.julioverne.leganes\/\/wp-content\/uploads\/ies.julioverne.leganes\/2020\/11\/ponenciaarteybot\u00e1nica-nov-20-300x225.jpg 300w, https:\/\/site.educa.madrid.org\/ies.julioverne.leganes\/\/wp-content\/uploads\/ies.julioverne.leganes\/2020\/11\/ponenciaarteybot\u00e1nica-nov-20-768x576.jpg 768w\" sizes=\"auto, (max-width: 1024px) 100vw, 1024px\" \/><\/figure>\n\n\n\n<p>Hoy 25 de noviembre de 2020 se ha impartido la Ponencia Arte y Bot\u00e1nica dentro de las Jornadas de Pedagog\u00edas Activas en el horario de 15:00 \u2013 17:00h por parte de Eduardo Barba (http:\/\/eduardobarba.es\/), autor del libro: \u201cEl jard\u00edn del Prado\u201d.<\/p>\n\n\n\n<p>Todos los asistentes se han quedado encantados con el trabajo que ha hecho Eduardo en su exposici\u00f3n. Nos ha sorprendido con los cuadros en los que aparecen plantas y flores y el significado de cada uno den el cuadro.<\/p>\n\n\n\n<p>Seguidamente ha impartido una clase orientada a la educaci\u00f3n Infantil y el arte en la bot\u00e1nica en el CFGS de Educaci\u00f3n Infantil del turno de tarde.<\/p>\n","protected":false},"excerpt":{"rendered":"<p>Hoy 25 de noviembre de 2020 se ha impartido la Ponencia Arte y Bot\u00e1nica dentro de las Jornadas de Pedagog\u00edas Activas en el horario de 15:00 \u2013 17:00h por parte &#8230;<\/p>\n","protected":false},"author":3,"featured_media":1786,"comment_status":"closed","ping_status":"closed","sticky":false,"template":"","format":"standard","meta":{"footnotes":""},"categories":[5],"tags":[],"post_folder":[],"class_list":["post-1784","post","type-post","status-publish","format-standard","has-post-thumbnail","hentry","category-noticias-de-portada"],"rttpg_featured_image_url":{"full":["https:\/\/site.educa.madrid.org\/ies.julioverne.leganes\/\/wp-content\/uploads\/ies.julioverne.leganes\/2020\/11\/ponenciaarteybot\u00e1nica-nov-20.jpg",1024,768,false],"landscape":["https:\/\/site.educa.madrid.org\/ies.julioverne.leganes\/\/wp-content\/uploads\/ies.julioverne.leganes\/2020\/11\/ponenciaarteybot\u00e1nica-nov-20.jpg",1024,768,false],"portraits":["https:\/\/site.educa.madrid.org\/ies.julioverne.leganes\/\/wp-content\/uploads\/ies.julioverne.leganes\/2020\/11\/ponenciaarteybot\u00e1nica-nov-20.jpg",1024,768,false],"thumbnail":["https:\/\/site.educa.madrid.org\/ies.julioverne.leganes\/\/wp-content\/uploads\/ies.julioverne.leganes\/2020\/11\/ponenciaarteybot\u00e1nica-nov-20-150x150.jpg",150,150,true],"medium":["https:\/\/site.educa.madrid.org\/ies.julioverne.leganes\/\/wp-content\/uploads\/ies.julioverne.leganes\/2020\/11\/ponenciaarteybot\u00e1nica-nov-20-300x225.jpg",300,225,true],"large":["https:\/\/site.educa.madrid.org\/ies.julioverne.leganes\/\/wp-content\/uploads\/ies.julioverne.leganes\/2020\/11\/ponenciaarteybot\u00e1nica-nov-20.jpg",800,600,false],"thumblist":["https:\/\/site.educa.madrid.org\/ies.julioverne.leganes\/\/wp-content\/uploads\/ies.julioverne.leganes\/2020\/11\/ponenciaarteybot\u00e1nica-nov-20.jpg",300,225,false],"thumbrelated":["https:\/\/site.educa.madrid.org\/ies.julioverne.leganes\/\/wp-content\/uploads\/ies.julioverne.leganes\/2020\/11\/ponenciaarteybot\u00e1nica-nov-20.jpg",500,375,false],"meccarouselthumb":["https:\/\/site.educa.madrid.org\/ies.julioverne.leganes\/\/wp-content\/uploads\/ies.julioverne.leganes\/2020\/11\/ponenciaarteybot\u00e1nica-nov-20.jpg",432,324,false],"gridsquare":["https:\/\/site.educa.madrid.org\/ies.julioverne.leganes\/\/wp-content\/uploads\/ies.julioverne.leganes\/2020\/11\/ponenciaarteybot\u00e1nica-nov-20.jpg",347,260,false],"tileview":["https:\/\/site.educa.madrid.org\/ies.julioverne.leganes\/\/wp-content\/uploads\/ies.julioverne.leganes\/2020\/11\/ponenciaarteybot\u00e1nica-nov-20.jpg",300,225,false],"1536x1536":["https:\/\/site.educa.madrid.org\/ies.julioverne.leganes\/\/wp-content\/uploads\/ies.julioverne.leganes\/2020\/11\/ponenciaarteybot\u00e1nica-nov-20.jpg",1024,768,false],"2048x2048":["https:\/\/site.educa.madrid.org\/ies.julioverne.leganes\/\/wp-content\/uploads\/ies.julioverne.leganes\/2020\/11\/ponenciaarteybot\u00e1nica-nov-20.jpg",1024,768,false],"onepress-blog-small":["https:\/\/site.educa.madrid.org\/ies.julioverne.leganes\/\/wp-content\/uploads\/ies.julioverne.leganes\/2020\/11\/ponenciaarteybot\u00e1nica-nov-20-300x150.jpg",300,150,true],"onepress-small":["https:\/\/site.educa.madrid.org\/ies.julioverne.leganes\/\/wp-content\/uploads\/ies.julioverne.leganes\/2020\/11\/ponenciaarteybot\u00e1nica-nov-20-480x300.jpg",480,300,true],"onepress-medium":["https:\/\/site.educa.madrid.org\/ies.julioverne.leganes\/\/wp-content\/uploads\/ies.julioverne.leganes\/2020\/11\/ponenciaarteybot\u00e1nica-nov-20-640x400.jpg",640,400,true],"sow-carousel-default":["https:\/\/site.educa.madrid.org\/ies.julioverne.leganes\/\/wp-content\/uploads\/ies.julioverne.leganes\/2020\/11\/ponenciaarteybot\u00e1nica-nov-20.jpg",243,182,false],"sow-post-carousel-overlay-theme":["https:\/\/site.educa.madrid.org\/ies.julioverne.leganes\/\/wp-content\/uploads\/ies.julioverne.leganes\/2020\/11\/ponenciaarteybot\u00e1nica-nov-20.jpg",360,270,false],"sow-post-carousel-cards-theme":["https:\/\/site.educa.madrid.org\/ies.julioverne.leganes\/\/wp-content\/uploads\/ies.julioverne.leganes\/2020\/11\/ponenciaarteybot\u00e1nica-nov-20.jpg",320,240,false],"rt_custom":["https:\/\/site.educa.madrid.org\/ies.julioverne.leganes\/\/wp-content\/uploads\/ies.julioverne.leganes\/2020\/11\/ponenciaarteybot\u00e1nica-nov-20.jpg",1024,768,false]},"rttpg_author":{"display_name":"ies.julioverne.leganes","author_link":"https:\/\/site.educa.madrid.org\/ies.julioverne.leganes\/index.php\/author\/cuenta_ies-julioverne-leganes\/"},"rttpg_comment":0,"rttpg_category":"<a href=\"https:\/\/site.educa.madrid.org\/ies.julioverne.leganes\/index.php\/category\/noticias-de-portada\/\" rel=\"category tag\">Noticias de Portada<\/a>","rttpg_excerpt":"Hoy 25 de noviembre de 2020 se ha impartido la Ponencia Arte y Bot\u00e1nica dentro de las Jornadas de Pedagog\u00edas Activas en el horario de 15:00 \u2013 17:00h por parte ...","post_mailing_queue_ids":[],"_links":{"self":[{"href":"https:\/\/site.educa.madrid.org\/ies.julioverne.leganes\/index.php\/wp-json\/wp\/v2\/posts\/1784","targetHints":{"allow":["GET"]}}],"collection":[{"href":"https:\/\/site.educa.madrid.org\/ies.julioverne.leganes\/index.php\/wp-json\/wp\/v2\/posts"}],"about":[{"href":"https:\/\/site.educa.madrid.org\/ies.julioverne.leganes\/index.php\/wp-json\/wp\/v2\/types\/post"}],"author":[{"embeddable":true,"href":"https:\/\/site.educa.madrid.org\/ies.julioverne.leganes\/index.php\/wp-json\/wp\/v2\/users\/3"}],"replies":[{"embeddable":true,"href":"https:\/\/site.educa.madrid.org\/ies.julioverne.leganes\/index.php\/wp-json\/wp\/v2\/comments?post=1784"}],"version-history":[{"count":1,"href":"https:\/\/site.educa.madrid.org\/ies.julioverne.leganes\/index.php\/wp-json\/wp\/v2\/posts\/1784\/revisions"}],"predecessor-version":[{"id":1787,"href":"https:\/\/site.educa.madrid.org\/ies.julioverne.leganes\/index.php\/wp-json\/wp\/v2\/posts\/1784\/revisions\/1787"}],"wp:featuredmedia":[{"embeddable":true,"href":"https:\/\/site.educa.madrid.org\/ies.julioverne.leganes\/index.php\/wp-json\/wp\/v2\/media\/1786"}],"wp:attachment":[{"href":"https:\/\/site.educa.madrid.org\/ies.julioverne.leganes\/index.php\/wp-json\/wp\/v2\/media?parent=1784"}],"wp:term":[{"taxonomy":"category","embeddable":true,"href":"https:\/\/site.educa.madrid.org\/ies.julioverne.leganes\/index.php\/wp-json\/wp\/v2\/categories?post=1784"},{"taxonomy":"post_tag","embeddable":true,"href":"https:\/\/site.educa.madrid.org\/ies.julioverne.leganes\/index.php\/wp-json\/wp\/v2\/tags?post=1784"},{"taxonomy":"post_folder","embeddable":true,"href":"https:\/\/site.educa.madrid.org\/ies.julioverne.leganes\/index.php\/wp-json\/wp\/v2\/post_folder?post=1784"}],"curies":[{"name":"wp","href":"https:\/\/api.w.org\/{rel}","templated":true}]}}