{"id":1914,"date":"2020-12-10T16:40:00","date_gmt":"2020-12-10T16:40:00","guid":{"rendered":"https:\/\/site.educa.madrid.org\/ies.julioverne.leganes\/?p=1914"},"modified":"2020-12-11T20:23:38","modified_gmt":"2020-12-11T20:23:38","slug":"bienvenidos-al-digital-happy-camp","status":"publish","type":"post","link":"https:\/\/site.educa.madrid.org\/ies.julioverne.leganes\/index.php\/2020\/12\/10\/bienvenidos-al-digital-happy-camp\/","title":{"rendered":"\u00a1Bienvenidos al Digital Happy Camp!"},"content":{"rendered":"\n<p>Queremos hacerte llegar la nueva iniciativa que desde fundaci\u00f3n everis hemos dise\u00f1ado con motivo de la Navidad. Se trata de un&nbsp;<strong>campamento de tecnolog\u00eda dirigido a ni\u00f1os y j\u00f3venes de cualquier parte del mundo&nbsp;<\/strong><strong><\/strong><\/p>\n\n\n\n<p>Igual que hicimos en verano, ser\u00e1n unas sesiones en las que hablaremos de temas de inter\u00e9s con expertos y luego, entre todos los asistentes, realizaremos con Scratch un videojuego para felicitar las fiestas y el a\u00f1o nuevo.<\/p>\n\n\n\n<p>Est\u00e1 orientado a ni\u00f1os y j\u00f3venes con edades entre los 6 y los 13 a\u00f1os, pero se pueden apuntar si son m\u00e1s mayores tambi\u00e9n. La novedad es que esta vez haremos las sesiones a trav\u00e9s del canal de YouTube de fundaci\u00f3n everis y ser\u00e1 una iniciativa global!<\/p>\n\n\n\n<p>Por favor, si\u00e9ntete libre de hacer llegar esta invitaci\u00f3n a todas las personas y colectivos que creas que pueden tener inter\u00e9s en asistir.<\/p>\n\n\n\n<p>Y, por supuesto, quedamos pendientes de cualquier cosa que puedas necesitar por nuestra parte.<\/p>\n\n\n\n<p>Un abrazo,<\/p>\n\n\n\n<p><strong>fundaci\u00f3n everis<\/strong><\/p>\n\n\n\n<figure class=\"wp-block-table\"><table><tbody><tr><td><img loading=\"lazy\" decoding=\"async\" width=\"945\" height=\"1746\" src=\"https:\/\/mail.google.com\/mail\/u\/0?ui=2&amp;ik=c0a5e06525&amp;attid=0.1&amp;permmsgid=msg-f:1685781783007998171&amp;th=17651999990430db&amp;view=fimg&amp;sz=s0-l75-ft&amp;attbid=ANGjdJ9vlOGMn9EWVxpbqZyyzSuTIot3qS0elBhIMMsJKFV8pTMSCZSruCqK-GMHiKU3oL4qk43t-OrWrfN0A4SuBVPK9JMlDk03JvBJ2fDdnZvQa_7Oi1aRKulffzc&amp;disp=emb\" alt=\"Texto\n\nDescripci\u00f3n generada autom\u00e1ticamente\"><a href=\"https:\/\/forms.office.com\/Pages\/ResponsePage.aspx?id=h9xIMPBDAEGay64ZcceTlStIlpd_IVBKkXXxQUPI5klUMkpRWkoyVTc0REJNQTk0SlA2VkNHSVRTWiQlQCN0PWcu\" target=\"_blank\" rel=\"noreferrer noopener\"><\/a><\/td><\/tr><tr><td><img loading=\"lazy\" decoding=\"async\" width=\"945\" height=\"145\" src=\"https:\/\/mail.google.com\/mail\/u\/0?ui=2&amp;ik=c0a5e06525&amp;attid=0.2&amp;permmsgid=msg-f:1685781783007998171&amp;th=17651999990430db&amp;view=fimg&amp;sz=s0-l75-ft&amp;attbid=ANGjdJ_jHdh1ZBj65xRQnpTHjpoIGFNep22tIQ919RjBjV_IjbwIEScYqLCd7_lexMXs6YLQwaazebinII4hH7NDMY_B-c5yCm_t6LYkvRj6RnBNlgBDUvTOMPCKbEc&amp;disp=emb\" alt=\"Interfaz de usuario gr\u00e1fica, Aplicaci\u00f3n\n\nDescripci\u00f3n generada autom\u00e1ticamente\"><a href=\"https:\/\/www.youtube.com\/playlist?list=PLqkwbjp7lGEWkV41tNk7gx3W513hToG48\" target=\"_blank\" rel=\"noreferrer noopener\"><\/a><\/td><\/tr><tr><td><img loading=\"lazy\" decoding=\"async\" width=\"945\" height=\"254\" src=\"https:\/\/mail.google.com\/mail\/u\/0?ui=2&amp;ik=c0a5e06525&amp;attid=0.3&amp;permmsgid=msg-f:1685781783007998171&amp;th=17651999990430db&amp;view=fimg&amp;sz=s0-l75-ft&amp;attbid=ANGjdJ_p7S0vnNcahvp26DEOOvvMGIT6t0LZeJO5lCzdJk1srBInwPinwwdqlvphMGtHulJIdKwiG40jlYVpcWPd8_-bYlllECG0y7k4vI0yDUZsxqS18S7UomVOyBc&amp;disp=emb\" alt=\"Interfaz de usuario gr\u00e1fica, Texto, Correo electr\u00f3nico\n\nDescripci\u00f3n generada autom\u00e1ticamente\"><a href=\"https:\/\/www.youtube.com\/playlist?list=PLqkwbjp7lGEUYXG3JPY2rn7iCwtE--MNn\" target=\"_blank\" rel=\"noreferrer noopener\"><\/a><\/td><\/tr><\/tbody><\/table><\/figure>\n\n\n\n<p>Durante 3 d\u00edas, tendremos charlas de expertos y talleres liderados por voluntarios de everis para hacer, entre todos, un videojuego para felicitar las fiestas y el a\u00f1o nuevo. <\/p>\n\n\n\n<p>Te recordamos: <\/p>\n\n\n\n<ul class=\"wp-block-list\"><li>Puedes apuntarte a todas las sesiones que quieras.<\/li><li>Edad recomendada: de 6 a 13 a\u00f1os. <\/li><li>Si quieres inscribir a m\u00e1s de 1 ni\u00f1o y son de distintas familias y se van a conectar a trav\u00e9s de diferentes emails, puedes rellenar el formulario varias veces. Si son ni\u00f1os de la misma familia y van a compartir el link de acceso, no es necesario. <\/li><li>Es aconsejable que un adulto acompa\u00f1e al menor durante las charlas y los talleres. &#8211; Todas las sesiones ser\u00e1n virtuales en formato webinar y en streaming a trav\u00e9s de YouTube. <\/li><li>Recomendamos hacer los talleres a trav\u00e9s de un ordenador (las tablets no sirven).<\/li><li>Todas las sesiones ser\u00e1n grabadas. <\/li><\/ul>\n\n\n\n<p>Una vez que te has inscrito, est\u00e1s confirmado para el Digital Happy Camp. Te enviaremos un email con los datos de conexi\u00f3n el mismo d\u00eda de la charla \/ taller. . <\/p>\n\n\n\n<p>\u00bfTe apuntas? Si tienes alguna duda, escr\u00edbemos a <a href=\"mailto:fundacion.everis@everis.com\">fundacion.everis@everis.com<\/a> \u00a1Gracias!<\/p>\n\n\n\n<figure class=\"wp-block-embed-youtube wp-block-embed is-type-video is-provider-youtube wp-embed-aspect-16-9 wp-has-aspect-ratio\"><div class=\"wp-block-embed__wrapper\">\n<iframe loading=\"lazy\" title=\"MOOC Play and Make It! | Tecnolog\u00eda contra la brecha digital\" width=\"800\" height=\"450\" src=\"https:\/\/www.youtube.com\/embed\/videoseries?list=PLqkwbjp7lGEUYXG3JPY2rn7iCwtE--MNn\" frameborder=\"0\" allow=\"accelerometer; autoplay; clipboard-write; encrypted-media; gyroscope; picture-in-picture\" allowfullscreen><\/iframe>\n<\/div><\/figure>\n\n\n\n<figure class=\"wp-block-embed-youtube wp-block-embed is-type-video is-provider-youtube wp-embed-aspect-16-9 wp-has-aspect-ratio\"><div class=\"wp-block-embed__wrapper\">\n<iframe loading=\"lazy\" title=\"Talleres Play &amp; Make It! de tecnolog\u00eda para ni\u00f1os y formadores\" width=\"800\" height=\"450\" src=\"https:\/\/www.youtube.com\/embed\/videoseries?list=PLqkwbjp7lGEWkV41tNk7gx3W513hToG48\" frameborder=\"0\" allow=\"accelerometer; autoplay; clipboard-write; encrypted-media; gyroscope; picture-in-picture\" allowfullscreen><\/iframe>\n<\/div><\/figure>\n","protected":false},"excerpt":{"rendered":"<p>Queremos hacerte llegar la nueva iniciativa que desde fundaci\u00f3n everis hemos dise\u00f1ado con motivo de la Navidad. Se trata de un&nbsp;campamento de tecnolog\u00eda dirigido a ni\u00f1os y j\u00f3venes de cualquier &#8230;<\/p>\n","protected":false},"author":5,"featured_media":1922,"comment_status":"closed","ping_status":"closed","sticky":false,"template":"","format":"standard","meta":{"footnotes":""},"categories":[5],"tags":[],"post_folder":[],"class_list":["post-1914","post","type-post","status-publish","format-standard","has-post-thumbnail","hentry","category-noticias-de-portada"],"rttpg_featured_image_url":{"full":["https:\/\/site.educa.madrid.org\/ies.julioverne.leganes\/\/wp-content\/uploads\/ies.julioverne.leganes\/2020\/12\/digitalcamp.png",266,120,false],"landscape":["https:\/\/site.educa.madrid.org\/ies.julioverne.leganes\/\/wp-content\/uploads\/ies.julioverne.leganes\/2020\/12\/digitalcamp.png",266,120,false],"portraits":["https:\/\/site.educa.madrid.org\/ies.julioverne.leganes\/\/wp-content\/uploads\/ies.julioverne.leganes\/2020\/12\/digitalcamp.png",266,120,false],"thumbnail":["https:\/\/site.educa.madrid.org\/ies.julioverne.leganes\/\/wp-content\/uploads\/ies.julioverne.leganes\/2020\/12\/digitalcamp-150x120.png",150,120,true],"medium":["https:\/\/site.educa.madrid.org\/ies.julioverne.leganes\/\/wp-content\/uploads\/ies.julioverne.leganes\/2020\/12\/digitalcamp.png",266,120,false],"large":["https:\/\/site.educa.madrid.org\/ies.julioverne.leganes\/\/wp-content\/uploads\/ies.julioverne.leganes\/2020\/12\/digitalcamp.png",266,120,false],"thumblist":["https:\/\/site.educa.madrid.org\/ies.julioverne.leganes\/\/wp-content\/uploads\/ies.julioverne.leganes\/2020\/12\/digitalcamp.png",266,120,false],"thumbrelated":["https:\/\/site.educa.madrid.org\/ies.julioverne.leganes\/\/wp-content\/uploads\/ies.julioverne.leganes\/2020\/12\/digitalcamp.png",266,120,false],"meccarouselthumb":["https:\/\/site.educa.madrid.org\/ies.julioverne.leganes\/\/wp-content\/uploads\/ies.julioverne.leganes\/2020\/12\/digitalcamp.png",266,120,false],"gridsquare":["https:\/\/site.educa.madrid.org\/ies.julioverne.leganes\/\/wp-content\/uploads\/ies.julioverne.leganes\/2020\/12\/digitalcamp.png",266,120,false],"tileview":["https:\/\/site.educa.madrid.org\/ies.julioverne.leganes\/\/wp-content\/uploads\/ies.julioverne.leganes\/2020\/12\/digitalcamp.png",266,120,false],"1536x1536":["https:\/\/site.educa.madrid.org\/ies.julioverne.leganes\/\/wp-content\/uploads\/ies.julioverne.leganes\/2020\/12\/digitalcamp.png",266,120,false],"2048x2048":["https:\/\/site.educa.madrid.org\/ies.julioverne.leganes\/\/wp-content\/uploads\/ies.julioverne.leganes\/2020\/12\/digitalcamp.png",266,120,false],"onepress-blog-small":["https:\/\/site.educa.madrid.org\/ies.julioverne.leganes\/\/wp-content\/uploads\/ies.julioverne.leganes\/2020\/12\/digitalcamp.png",266,120,false],"onepress-small":["https:\/\/site.educa.madrid.org\/ies.julioverne.leganes\/\/wp-content\/uploads\/ies.julioverne.leganes\/2020\/12\/digitalcamp.png",266,120,false],"onepress-medium":["https:\/\/site.educa.madrid.org\/ies.julioverne.leganes\/\/wp-content\/uploads\/ies.julioverne.leganes\/2020\/12\/digitalcamp.png",266,120,false],"sow-carousel-default":["https:\/\/site.educa.madrid.org\/ies.julioverne.leganes\/\/wp-content\/uploads\/ies.julioverne.leganes\/2020\/12\/digitalcamp.png",266,120,false],"sow-post-carousel-overlay-theme":["https:\/\/site.educa.madrid.org\/ies.julioverne.leganes\/\/wp-content\/uploads\/ies.julioverne.leganes\/2020\/12\/digitalcamp.png",266,120,false],"sow-post-carousel-cards-theme":["https:\/\/site.educa.madrid.org\/ies.julioverne.leganes\/\/wp-content\/uploads\/ies.julioverne.leganes\/2020\/12\/digitalcamp.png",266,120,false],"rt_custom":["https:\/\/site.educa.madrid.org\/ies.julioverne.leganes\/\/wp-content\/uploads\/ies.julioverne.leganes\/2020\/12\/digitalcamp.png",266,120,false]},"rttpg_author":{"display_name":"Fco. Javier Bell\u00f3n Jaramillo","author_link":"https:\/\/site.educa.madrid.org\/ies.julioverne.leganes\/index.php\/author\/francisco-j_belln-jaramillo\/"},"rttpg_comment":0,"rttpg_category":"<a href=\"https:\/\/site.educa.madrid.org\/ies.julioverne.leganes\/index.php\/category\/noticias-de-portada\/\" rel=\"category tag\">Noticias de Portada<\/a>","rttpg_excerpt":"Queremos hacerte llegar la nueva iniciativa que desde fundaci\u00f3n everis hemos dise\u00f1ado con motivo de la Navidad. Se trata de un&nbsp;campamento de tecnolog\u00eda dirigido a ni\u00f1os y j\u00f3venes de cualquier ...","post_mailing_queue_ids":[],"_links":{"self":[{"href":"https:\/\/site.educa.madrid.org\/ies.julioverne.leganes\/index.php\/wp-json\/wp\/v2\/posts\/1914","targetHints":{"allow":["GET"]}}],"collection":[{"href":"https:\/\/site.educa.madrid.org\/ies.julioverne.leganes\/index.php\/wp-json\/wp\/v2\/posts"}],"about":[{"href":"https:\/\/site.educa.madrid.org\/ies.julioverne.leganes\/index.php\/wp-json\/wp\/v2\/types\/post"}],"author":[{"embeddable":true,"href":"https:\/\/site.educa.madrid.org\/ies.julioverne.leganes\/index.php\/wp-json\/wp\/v2\/users\/5"}],"replies":[{"embeddable":true,"href":"https:\/\/site.educa.madrid.org\/ies.julioverne.leganes\/index.php\/wp-json\/wp\/v2\/comments?post=1914"}],"version-history":[{"count":6,"href":"https:\/\/site.educa.madrid.org\/ies.julioverne.leganes\/index.php\/wp-json\/wp\/v2\/posts\/1914\/revisions"}],"predecessor-version":[{"id":1921,"href":"https:\/\/site.educa.madrid.org\/ies.julioverne.leganes\/index.php\/wp-json\/wp\/v2\/posts\/1914\/revisions\/1921"}],"wp:featuredmedia":[{"embeddable":true,"href":"https:\/\/site.educa.madrid.org\/ies.julioverne.leganes\/index.php\/wp-json\/wp\/v2\/media\/1922"}],"wp:attachment":[{"href":"https:\/\/site.educa.madrid.org\/ies.julioverne.leganes\/index.php\/wp-json\/wp\/v2\/media?parent=1914"}],"wp:term":[{"taxonomy":"category","embeddable":true,"href":"https:\/\/site.educa.madrid.org\/ies.julioverne.leganes\/index.php\/wp-json\/wp\/v2\/categories?post=1914"},{"taxonomy":"post_tag","embeddable":true,"href":"https:\/\/site.educa.madrid.org\/ies.julioverne.leganes\/index.php\/wp-json\/wp\/v2\/tags?post=1914"},{"taxonomy":"post_folder","embeddable":true,"href":"https:\/\/site.educa.madrid.org\/ies.julioverne.leganes\/index.php\/wp-json\/wp\/v2\/post_folder?post=1914"}],"curies":[{"name":"wp","href":"https:\/\/api.w.org\/{rel}","templated":true}]}}