{"id":2034,"date":"2021-01-10T14:14:36","date_gmt":"2021-01-10T14:14:36","guid":{"rendered":"https:\/\/site.educa.madrid.org\/ies.julioverne.leganes\/?p=2034"},"modified":"2021-01-11T07:18:57","modified_gmt":"2021-01-11T07:18:57","slug":"suspension-de-la-actividad-educativa-presencial-durante-el-lunes-11-y-martes-12-de-enero-por-las-abundantes-nevadas-producidas-en-las-ultimas-horas-y-las-previsibles-dificultades-para-el-acceso-a-los","status":"publish","type":"post","link":"https:\/\/site.educa.madrid.org\/ies.julioverne.leganes\/index.php\/2021\/01\/10\/suspension-de-la-actividad-educativa-presencial-durante-el-lunes-11-y-martes-12-de-enero-por-las-abundantes-nevadas-producidas-en-las-ultimas-horas-y-las-previsibles-dificultades-para-el-acceso-a-los\/","title":{"rendered":"Suspensi\u00f3n de la actividad educativa presencial durante el lunes 11 y martes 12 de enero por las abundantes nevadas producidas en las \u00faltimas horas y las previsibles dificultades para el acceso a los centros"},"content":{"rendered":"\n<p><\/p>\n\n\n\n<div class=\"wp-block-image\"><figure class=\"alignleft size-large is-resized\"><img loading=\"lazy\" decoding=\"async\" src=\"https:\/\/site.educa.madrid.org\/ies.julioverne.leganes\/\/wp-content\/uploads\/ies.julioverne.leganes\/2021\/01\/olivo.jpeg\" alt=\"\" class=\"wp-image-2036\" width=\"296\" height=\"394\" srcset=\"https:\/\/site.educa.madrid.org\/ies.julioverne.leganes\/\/wp-content\/uploads\/ies.julioverne.leganes\/2021\/01\/olivo.jpeg 768w, https:\/\/site.educa.madrid.org\/ies.julioverne.leganes\/\/wp-content\/uploads\/ies.julioverne.leganes\/2021\/01\/olivo-225x300.jpeg 225w\" sizes=\"auto, (max-width: 296px) 100vw, 296px\" \/><\/figure><\/div>\n\n\n\n<p>La Consejer\u00eda de Educaci\u00f3n y Juventud informa que quedan suspendidas las clases presenciales en los Centros educativos de la Comunidad de Madrid debida a la abundante nieve ca\u00edda en los d\u00edas anteriores.<\/p>\n\n\n\n<p>Se intentar\u00e1n dar las clases de forma telem\u00e1tica, dentro de las posibilidades personales de cada uno de los profesores.<\/p>\n\n\n\n<p>Adjuntamos curcular de la Direcci\u00f3n General de Educaci\u00f3n Secundaria y de Formaci\u00f3n profesional.<\/p>\n\n\n\n<div class=\"wp-block-file\"><a href=\"https:\/\/site.educa.madrid.org\/ies.julioverne.leganes\/\/wp-content\/uploads\/ies.julioverne.leganes\/2021\/01\/2021-01-09_DGESFPRE_Comunicaci\u00f3n_suspensi\u00f3n_actividad_educativa_presencial_11-12_enero_21.pdf\">Comunicaci\u00f3n suspensi\u00f3n actividad educativa  presencial<\/a><a href=\"https:\/\/site.educa.madrid.org\/ies.julioverne.leganes\/\/wp-content\/uploads\/ies.julioverne.leganes\/2021\/01\/2021-01-09_DGESFPRE_Comunicaci\u00f3n_suspensi\u00f3n_actividad_educativa_presencial_11-12_enero_21.pdf\" class=\"wp-block-file__button\" download>Descarga<\/a><\/div>\n\n\n\n<div class=\"wp-block-image\"><figure class=\"alignright size-large is-resized\"><img loading=\"lazy\" decoding=\"async\" src=\"https:\/\/site.educa.madrid.org\/ies.julioverne.leganes\/\/wp-content\/uploads\/ies.julioverne.leganes\/2021\/01\/IMG-1675-768x1024.jpg\" alt=\"\" class=\"wp-image-2051\" width=\"364\" height=\"486\" srcset=\"https:\/\/site.educa.madrid.org\/ies.julioverne.leganes\/\/wp-content\/uploads\/ies.julioverne.leganes\/2021\/01\/IMG-1675-768x1024.jpg 768w, https:\/\/site.educa.madrid.org\/ies.julioverne.leganes\/\/wp-content\/uploads\/ies.julioverne.leganes\/2021\/01\/IMG-1675-225x300.jpg 225w, https:\/\/site.educa.madrid.org\/ies.julioverne.leganes\/\/wp-content\/uploads\/ies.julioverne.leganes\/2021\/01\/IMG-1675-1152x1536.jpg 1152w, https:\/\/site.educa.madrid.org\/ies.julioverne.leganes\/\/wp-content\/uploads\/ies.julioverne.leganes\/2021\/01\/IMG-1675-1536x2048.jpg 1536w, https:\/\/site.educa.madrid.org\/ies.julioverne.leganes\/\/wp-content\/uploads\/ies.julioverne.leganes\/2021\/01\/IMG-1675-scaled.jpg 1920w\" sizes=\"auto, (max-width: 364px) 100vw, 364px\" \/><\/figure><\/div>\n","protected":false},"excerpt":{"rendered":"<p>La Consejer\u00eda de Educaci\u00f3n y Juventud informa que quedan suspendidas las clases presenciales en los Centros educativos de la Comunidad de Madrid debida a la abundante nieve ca\u00edda en los &#8230;<\/p>\n","protected":false},"author":3,"featured_media":2051,"comment_status":"closed","ping_status":"closed","sticky":false,"template":"","format":"standard","meta":{"footnotes":""},"categories":[5],"tags":[],"post_folder":[],"class_list":["post-2034","post","type-post","status-publish","format-standard","has-post-thumbnail","hentry","category-noticias-de-portada"],"rttpg_featured_image_url":{"full":["https:\/\/site.educa.madrid.org\/ies.julioverne.leganes\/\/wp-content\/uploads\/ies.julioverne.leganes\/2021\/01\/IMG-1675-scaled.jpg",1920,2560,false],"landscape":["https:\/\/site.educa.madrid.org\/ies.julioverne.leganes\/\/wp-content\/uploads\/ies.julioverne.leganes\/2021\/01\/IMG-1675-scaled.jpg",1920,2560,false],"portraits":["https:\/\/site.educa.madrid.org\/ies.julioverne.leganes\/\/wp-content\/uploads\/ies.julioverne.leganes\/2021\/01\/IMG-1675-scaled.jpg",1920,2560,false],"thumbnail":["https:\/\/site.educa.madrid.org\/ies.julioverne.leganes\/\/wp-content\/uploads\/ies.julioverne.leganes\/2021\/01\/IMG-1675-150x150.jpg",150,150,true],"medium":["https:\/\/site.educa.madrid.org\/ies.julioverne.leganes\/\/wp-content\/uploads\/ies.julioverne.leganes\/2021\/01\/IMG-1675-225x300.jpg",225,300,true],"large":["https:\/\/site.educa.madrid.org\/ies.julioverne.leganes\/\/wp-content\/uploads\/ies.julioverne.leganes\/2021\/01\/IMG-1675-768x1024.jpg",768,1024,true],"thumblist":["https:\/\/site.educa.madrid.org\/ies.julioverne.leganes\/\/wp-content\/uploads\/ies.julioverne.leganes\/2021\/01\/IMG-1675-scaled.jpg",225,300,false],"thumbrelated":["https:\/\/site.educa.madrid.org\/ies.julioverne.leganes\/\/wp-content\/uploads\/ies.julioverne.leganes\/2021\/01\/IMG-1675-scaled.jpg",375,500,false],"meccarouselthumb":["https:\/\/site.educa.madrid.org\/ies.julioverne.leganes\/\/wp-content\/uploads\/ies.julioverne.leganes\/2021\/01\/IMG-1675-scaled.jpg",243,324,false],"gridsquare":["https:\/\/site.educa.madrid.org\/ies.julioverne.leganes\/\/wp-content\/uploads\/ies.julioverne.leganes\/2021\/01\/IMG-1675-scaled.jpg",195,260,false],"tileview":["https:\/\/site.educa.madrid.org\/ies.julioverne.leganes\/\/wp-content\/uploads\/ies.julioverne.leganes\/2021\/01\/IMG-1675-scaled.jpg",300,400,false],"1536x1536":["https:\/\/site.educa.madrid.org\/ies.julioverne.leganes\/\/wp-content\/uploads\/ies.julioverne.leganes\/2021\/01\/IMG-1675-1152x1536.jpg",1152,1536,true],"2048x2048":["https:\/\/site.educa.madrid.org\/ies.julioverne.leganes\/\/wp-content\/uploads\/ies.julioverne.leganes\/2021\/01\/IMG-1675-1536x2048.jpg",1536,2048,true],"onepress-blog-small":["https:\/\/site.educa.madrid.org\/ies.julioverne.leganes\/\/wp-content\/uploads\/ies.julioverne.leganes\/2021\/01\/IMG-1675-300x150.jpg",300,150,true],"onepress-small":["https:\/\/site.educa.madrid.org\/ies.julioverne.leganes\/\/wp-content\/uploads\/ies.julioverne.leganes\/2021\/01\/IMG-1675-480x300.jpg",480,300,true],"onepress-medium":["https:\/\/site.educa.madrid.org\/ies.julioverne.leganes\/\/wp-content\/uploads\/ies.julioverne.leganes\/2021\/01\/IMG-1675-640x400.jpg",640,400,true],"sow-carousel-default":["https:\/\/site.educa.madrid.org\/ies.julioverne.leganes\/\/wp-content\/uploads\/ies.julioverne.leganes\/2021\/01\/IMG-1675-scaled.jpg",137,182,false],"sow-post-carousel-overlay-theme":["https:\/\/site.educa.madrid.org\/ies.julioverne.leganes\/\/wp-content\/uploads\/ies.julioverne.leganes\/2021\/01\/IMG-1675-scaled.jpg",357,476,false],"sow-post-carousel-cards-theme":["https:\/\/site.educa.madrid.org\/ies.julioverne.leganes\/\/wp-content\/uploads\/ies.julioverne.leganes\/2021\/01\/IMG-1675-scaled.jpg",180,240,false],"rt_custom":["https:\/\/site.educa.madrid.org\/ies.julioverne.leganes\/\/wp-content\/uploads\/ies.julioverne.leganes\/2021\/01\/IMG-1675-scaled.jpg",1920,2560,false]},"rttpg_author":{"display_name":"ies.julioverne.leganes","author_link":"https:\/\/site.educa.madrid.org\/ies.julioverne.leganes\/index.php\/author\/cuenta_ies-julioverne-leganes\/"},"rttpg_comment":0,"rttpg_category":"<a href=\"https:\/\/site.educa.madrid.org\/ies.julioverne.leganes\/index.php\/category\/noticias-de-portada\/\" rel=\"category tag\">Noticias de Portada<\/a>","rttpg_excerpt":"La Consejer\u00eda de Educaci\u00f3n y Juventud informa que quedan suspendidas las clases presenciales en los Centros educativos de la Comunidad de Madrid debida a la abundante nieve ca\u00edda en los ...","post_mailing_queue_ids":[],"_links":{"self":[{"href":"https:\/\/site.educa.madrid.org\/ies.julioverne.leganes\/index.php\/wp-json\/wp\/v2\/posts\/2034","targetHints":{"allow":["GET"]}}],"collection":[{"href":"https:\/\/site.educa.madrid.org\/ies.julioverne.leganes\/index.php\/wp-json\/wp\/v2\/posts"}],"about":[{"href":"https:\/\/site.educa.madrid.org\/ies.julioverne.leganes\/index.php\/wp-json\/wp\/v2\/types\/post"}],"author":[{"embeddable":true,"href":"https:\/\/site.educa.madrid.org\/ies.julioverne.leganes\/index.php\/wp-json\/wp\/v2\/users\/3"}],"replies":[{"embeddable":true,"href":"https:\/\/site.educa.madrid.org\/ies.julioverne.leganes\/index.php\/wp-json\/wp\/v2\/comments?post=2034"}],"version-history":[{"count":5,"href":"https:\/\/site.educa.madrid.org\/ies.julioverne.leganes\/index.php\/wp-json\/wp\/v2\/posts\/2034\/revisions"}],"predecessor-version":[{"id":2054,"href":"https:\/\/site.educa.madrid.org\/ies.julioverne.leganes\/index.php\/wp-json\/wp\/v2\/posts\/2034\/revisions\/2054"}],"wp:featuredmedia":[{"embeddable":true,"href":"https:\/\/site.educa.madrid.org\/ies.julioverne.leganes\/index.php\/wp-json\/wp\/v2\/media\/2051"}],"wp:attachment":[{"href":"https:\/\/site.educa.madrid.org\/ies.julioverne.leganes\/index.php\/wp-json\/wp\/v2\/media?parent=2034"}],"wp:term":[{"taxonomy":"category","embeddable":true,"href":"https:\/\/site.educa.madrid.org\/ies.julioverne.leganes\/index.php\/wp-json\/wp\/v2\/categories?post=2034"},{"taxonomy":"post_tag","embeddable":true,"href":"https:\/\/site.educa.madrid.org\/ies.julioverne.leganes\/index.php\/wp-json\/wp\/v2\/tags?post=2034"},{"taxonomy":"post_folder","embeddable":true,"href":"https:\/\/site.educa.madrid.org\/ies.julioverne.leganes\/index.php\/wp-json\/wp\/v2\/post_folder?post=2034"}],"curies":[{"name":"wp","href":"https:\/\/api.w.org\/{rel}","templated":true}]}}