{"id":2253,"date":"2021-01-15T18:52:19","date_gmt":"2021-01-15T18:52:19","guid":{"rendered":"https:\/\/site.educa.madrid.org\/ies.julioverne.leganes\/?p=2253"},"modified":"2021-01-15T18:53:01","modified_gmt":"2021-01-15T18:53:01","slug":"se-pospone-el-comienzo-de-las-clases-presenciales","status":"publish","type":"post","link":"https:\/\/site.educa.madrid.org\/ies.julioverne.leganes\/index.php\/2021\/01\/15\/se-pospone-el-comienzo-de-las-clases-presenciales\/","title":{"rendered":"Se pospone el comienzo de las clases presenciales"},"content":{"rendered":"\n<p>Nos ha llegado la documento de la Comunidad de Madrid en la que se aplaza hasta el mi\u00e9rcoles 20 de enero la vuelta a las aulas.<\/p>\n\n\n\n<div class=\"wp-block-file\"><a href=\"https:\/\/site.educa.madrid.org\/ies.julioverne.leganes\/\/wp-content\/uploads\/ies.julioverne.leganes\/2021\/01\/2021-01-15_DGESFPRE_Comunicaci\u00f3n_suspensi\u00f3n_actividad_educativa_presencial_enero_21__-1.pdf\">Comunicaci\u00f3n suspensi\u00f3n actividad educativa presencial<\/a><a href=\"https:\/\/site.educa.madrid.org\/ies.julioverne.leganes\/\/wp-content\/uploads\/ies.julioverne.leganes\/2021\/01\/2021-01-15_DGESFPRE_Comunicaci\u00f3n_suspensi\u00f3n_actividad_educativa_presencial_enero_21__-1.pdf\" class=\"wp-block-file__button\" download>Descarga<\/a><\/div>\n\n\n\n<p>Pero para los alumnos que cursan estudios semipresenciales de\u00a0CICLOS FORMATIVOS,\u00a03\u00ba, 4\u00ba ESO, BACHILLERATO\u00a0<strong>se\u00a0iniciar\u00e1n las clases presenciales el jueves 21\u00a0<\/strong>de acuerdo con el calendario que ten\u00edamos establecido desde el inicio de curso.<\/p>\n\n\n\n<p>Hasta el mi\u00e9rcoles seguiremos manteniendo la actividad acad\u00e9mica como ha sido habitual en esta \u00faltima semana.<\/p>\n\n\n\n<p>Tenemos ante nosotros una semana muy especial en la que retomamos la actividad acad\u00e9mica presencial tras el paso de Filomena. En el Instituto estamos trabajando para retirar la nieve y que sea una vuelta segura, garantizando plenamente la actividad del IES Julio Verne.<\/p>\n\n\n\n<p>Estamos trabajando en el instituto para tener todo preparado para el d\u00eda de vuelta. <\/p>\n\n\n\n<div class=\"wp-block-columns is-layout-flex wp-container-core-columns-is-layout-9d6595d7 wp-block-columns-is-layout-flex\">\n<div class=\"wp-block-column is-layout-flow wp-block-column-is-layout-flow\">\n<figure class=\"wp-block-image size-large is-style-default\"><img loading=\"lazy\" decoding=\"async\" width=\"768\" height=\"1024\" src=\"https:\/\/site.educa.madrid.org\/ies.julioverne.leganes\/\/wp-content\/uploads\/ies.julioverne.leganes\/2021\/01\/maquina5-768x1024.jpeg\" alt=\"\" class=\"wp-image-2255\" srcset=\"https:\/\/site.educa.madrid.org\/ies.julioverne.leganes\/\/wp-content\/uploads\/ies.julioverne.leganes\/2021\/01\/maquina5-768x1024.jpeg 768w, https:\/\/site.educa.madrid.org\/ies.julioverne.leganes\/\/wp-content\/uploads\/ies.julioverne.leganes\/2021\/01\/maquina5-225x300.jpeg 225w, https:\/\/site.educa.madrid.org\/ies.julioverne.leganes\/\/wp-content\/uploads\/ies.julioverne.leganes\/2021\/01\/maquina5-300x400.jpeg 300w, https:\/\/site.educa.madrid.org\/ies.julioverne.leganes\/\/wp-content\/uploads\/ies.julioverne.leganes\/2021\/01\/maquina5-1152x1536.jpeg 1152w, https:\/\/site.educa.madrid.org\/ies.julioverne.leganes\/\/wp-content\/uploads\/ies.julioverne.leganes\/2021\/01\/maquina5.jpeg 1488w\" sizes=\"auto, (max-width: 768px) 100vw, 768px\" \/><\/figure>\n<\/div>\n\n\n\n<div class=\"wp-block-column is-layout-flow wp-block-column-is-layout-flow\">\n<figure class=\"wp-block-image size-large\"><img loading=\"lazy\" decoding=\"async\" width=\"576\" height=\"1024\" src=\"https:\/\/site.educa.madrid.org\/ies.julioverne.leganes\/\/wp-content\/uploads\/ies.julioverne.leganes\/2021\/01\/maquina2-576x1024.jpeg\" alt=\"\" class=\"wp-image-2254\" srcset=\"https:\/\/site.educa.madrid.org\/ies.julioverne.leganes\/\/wp-content\/uploads\/ies.julioverne.leganes\/2021\/01\/maquina2-576x1024.jpeg 576w, https:\/\/site.educa.madrid.org\/ies.julioverne.leganes\/\/wp-content\/uploads\/ies.julioverne.leganes\/2021\/01\/maquina2-169x300.jpeg 169w, https:\/\/site.educa.madrid.org\/ies.julioverne.leganes\/\/wp-content\/uploads\/ies.julioverne.leganes\/2021\/01\/maquina2-768x1366.jpeg 768w, https:\/\/site.educa.madrid.org\/ies.julioverne.leganes\/\/wp-content\/uploads\/ies.julioverne.leganes\/2021\/01\/maquina2-864x1536.jpeg 864w, https:\/\/site.educa.madrid.org\/ies.julioverne.leganes\/\/wp-content\/uploads\/ies.julioverne.leganes\/2021\/01\/maquina2.jpeg 899w\" sizes=\"auto, (max-width: 576px) 100vw, 576px\" \/><\/figure>\n<\/div>\n\n\n\n<div class=\"wp-block-column is-layout-flow wp-block-column-is-layout-flow\">\n<figure class=\"wp-block-image size-large\"><img loading=\"lazy\" decoding=\"async\" width=\"576\" height=\"1024\" src=\"https:\/\/site.educa.madrid.org\/ies.julioverne.leganes\/\/wp-content\/uploads\/ies.julioverne.leganes\/2021\/01\/maquina1-576x1024.jpeg\" alt=\"\" class=\"wp-image-2256\" srcset=\"https:\/\/site.educa.madrid.org\/ies.julioverne.leganes\/\/wp-content\/uploads\/ies.julioverne.leganes\/2021\/01\/maquina1-576x1024.jpeg 576w, https:\/\/site.educa.madrid.org\/ies.julioverne.leganes\/\/wp-content\/uploads\/ies.julioverne.leganes\/2021\/01\/maquina1-169x300.jpeg 169w, https:\/\/site.educa.madrid.org\/ies.julioverne.leganes\/\/wp-content\/uploads\/ies.julioverne.leganes\/2021\/01\/maquina1-768x1366.jpeg 768w, https:\/\/site.educa.madrid.org\/ies.julioverne.leganes\/\/wp-content\/uploads\/ies.julioverne.leganes\/2021\/01\/maquina1-864x1536.jpeg 864w, https:\/\/site.educa.madrid.org\/ies.julioverne.leganes\/\/wp-content\/uploads\/ies.julioverne.leganes\/2021\/01\/maquina1.jpeg 899w\" sizes=\"auto, (max-width: 576px) 100vw, 576px\" \/><\/figure>\n<\/div>\n<\/div>\n\n\n\n<ul class=\"wp-block-list\"><li>Se ha alquilado una peque\u00f1a m\u00e1quina para quitar la nieve de aceras e interiores del centro. <\/li><li>Se ha comprado una tonelada de sal que ya se est\u00e1 esparciendo por el Centro.<\/li><li>La Comunidad de Madrid nos va a mandar durante el fin de semana una empresa para limpiar de nieve aparcamiento, patios y pista deportiva y retirar \u00e1rboles y ramas rotas.<\/li><\/ul>\n\n\n\n<figure class=\"wp-block-video\"><video height=\"720\" style=\"aspect-ratio: 1280 \/ 720;\" width=\"1280\" controls src=\"https:\/\/site.educa.madrid.org\/ies.julioverne.leganes\/\/wp-content\/uploads\/ies.julioverne.leganes\/2021\/01\/maquina-video.mp4\"><\/video><\/figure>\n\n\n\n<p>Os agradecemos mucho vuestra paciencia en estos momentos tan delicados y siempre.<\/p>\n\n\n\n<p>Seguiremos informando. A trav\u00e9s de la WEB <a href=\"http:\/\/www.jverne.org\">www.jverne.org<\/a> y correos\/Roble.<\/p>\n","protected":false},"excerpt":{"rendered":"<p>Nos ha llegado la documento de la Comunidad de Madrid en la que se aplaza hasta el mi\u00e9rcoles 20 de enero la vuelta a las aulas. Pero para los alumnos &#8230;<\/p>\n","protected":false},"author":3,"featured_media":2254,"comment_status":"closed","ping_status":"closed","sticky":false,"template":"","format":"standard","meta":{"footnotes":""},"categories":[5],"tags":[],"post_folder":[],"class_list":["post-2253","post","type-post","status-publish","format-standard","has-post-thumbnail","hentry","category-noticias-de-portada"],"rttpg_featured_image_url":{"full":["https:\/\/site.educa.madrid.org\/ies.julioverne.leganes\/\/wp-content\/uploads\/ies.julioverne.leganes\/2021\/01\/maquina2.jpeg",899,1599,false],"landscape":["https:\/\/site.educa.madrid.org\/ies.julioverne.leganes\/\/wp-content\/uploads\/ies.julioverne.leganes\/2021\/01\/maquina2.jpeg",899,1599,false],"portraits":["https:\/\/site.educa.madrid.org\/ies.julioverne.leganes\/\/wp-content\/uploads\/ies.julioverne.leganes\/2021\/01\/maquina2.jpeg",899,1599,false],"thumbnail":["https:\/\/site.educa.madrid.org\/ies.julioverne.leganes\/\/wp-content\/uploads\/ies.julioverne.leganes\/2021\/01\/maquina2-150x150.jpeg",150,150,true],"medium":["https:\/\/site.educa.madrid.org\/ies.julioverne.leganes\/\/wp-content\/uploads\/ies.julioverne.leganes\/2021\/01\/maquina2-169x300.jpeg",169,300,true],"large":["https:\/\/site.educa.madrid.org\/ies.julioverne.leganes\/\/wp-content\/uploads\/ies.julioverne.leganes\/2021\/01\/maquina2-576x1024.jpeg",576,1024,true],"thumblist":["https:\/\/site.educa.madrid.org\/ies.julioverne.leganes\/\/wp-content\/uploads\/ies.julioverne.leganes\/2021\/01\/maquina2-300x300.jpeg",300,300,true],"thumbrelated":["https:\/\/site.educa.madrid.org\/ies.julioverne.leganes\/\/wp-content\/uploads\/ies.julioverne.leganes\/2021\/01\/maquina2.jpeg",281,500,false],"meccarouselthumb":["https:\/\/site.educa.madrid.org\/ies.julioverne.leganes\/\/wp-content\/uploads\/ies.julioverne.leganes\/2021\/01\/maquina2-474x324.jpeg",474,324,true],"gridsquare":["https:\/\/site.educa.madrid.org\/ies.julioverne.leganes\/\/wp-content\/uploads\/ies.julioverne.leganes\/2021\/01\/maquina2-391x260.jpeg",391,260,true],"tileview":["https:\/\/site.educa.madrid.org\/ies.julioverne.leganes\/\/wp-content\/uploads\/ies.julioverne.leganes\/2021\/01\/maquina2-300x400.jpeg",300,400,true],"1536x1536":["https:\/\/site.educa.madrid.org\/ies.julioverne.leganes\/\/wp-content\/uploads\/ies.julioverne.leganes\/2021\/01\/maquina2-864x1536.jpeg",864,1536,true],"2048x2048":["https:\/\/site.educa.madrid.org\/ies.julioverne.leganes\/\/wp-content\/uploads\/ies.julioverne.leganes\/2021\/01\/maquina2.jpeg",899,1599,false],"onepress-blog-small":["https:\/\/site.educa.madrid.org\/ies.julioverne.leganes\/\/wp-content\/uploads\/ies.julioverne.leganes\/2021\/01\/maquina2-300x150.jpeg",300,150,true],"onepress-small":["https:\/\/site.educa.madrid.org\/ies.julioverne.leganes\/\/wp-content\/uploads\/ies.julioverne.leganes\/2021\/01\/maquina2-480x300.jpeg",480,300,true],"onepress-medium":["https:\/\/site.educa.madrid.org\/ies.julioverne.leganes\/\/wp-content\/uploads\/ies.julioverne.leganes\/2021\/01\/maquina2-640x400.jpeg",640,400,true],"sow-carousel-default":["https:\/\/site.educa.madrid.org\/ies.julioverne.leganes\/\/wp-content\/uploads\/ies.julioverne.leganes\/2021\/01\/maquina2.jpeg",102,182,false],"sow-post-carousel-overlay-theme":["https:\/\/site.educa.madrid.org\/ies.julioverne.leganes\/\/wp-content\/uploads\/ies.julioverne.leganes\/2021\/01\/maquina2.jpeg",268,476,false],"sow-post-carousel-cards-theme":["https:\/\/site.educa.madrid.org\/ies.julioverne.leganes\/\/wp-content\/uploads\/ies.julioverne.leganes\/2021\/01\/maquina2.jpeg",135,240,false],"rt_custom":["https:\/\/site.educa.madrid.org\/ies.julioverne.leganes\/\/wp-content\/uploads\/ies.julioverne.leganes\/2021\/01\/maquina2.jpeg",899,1599,false]},"rttpg_author":{"display_name":"ies.julioverne.leganes","author_link":"https:\/\/site.educa.madrid.org\/ies.julioverne.leganes\/index.php\/author\/cuenta_ies-julioverne-leganes\/"},"rttpg_comment":0,"rttpg_category":"<a href=\"https:\/\/site.educa.madrid.org\/ies.julioverne.leganes\/index.php\/category\/noticias-de-portada\/\" rel=\"category tag\">Noticias de Portada<\/a>","rttpg_excerpt":"Nos ha llegado la documento de la Comunidad de Madrid en la que se aplaza hasta el mi\u00e9rcoles 20 de enero la vuelta a las aulas. Pero para los alumnos ...","post_mailing_queue_ids":[],"_links":{"self":[{"href":"https:\/\/site.educa.madrid.org\/ies.julioverne.leganes\/index.php\/wp-json\/wp\/v2\/posts\/2253","targetHints":{"allow":["GET"]}}],"collection":[{"href":"https:\/\/site.educa.madrid.org\/ies.julioverne.leganes\/index.php\/wp-json\/wp\/v2\/posts"}],"about":[{"href":"https:\/\/site.educa.madrid.org\/ies.julioverne.leganes\/index.php\/wp-json\/wp\/v2\/types\/post"}],"author":[{"embeddable":true,"href":"https:\/\/site.educa.madrid.org\/ies.julioverne.leganes\/index.php\/wp-json\/wp\/v2\/users\/3"}],"replies":[{"embeddable":true,"href":"https:\/\/site.educa.madrid.org\/ies.julioverne.leganes\/index.php\/wp-json\/wp\/v2\/comments?post=2253"}],"version-history":[{"count":1,"href":"https:\/\/site.educa.madrid.org\/ies.julioverne.leganes\/index.php\/wp-json\/wp\/v2\/posts\/2253\/revisions"}],"predecessor-version":[{"id":2259,"href":"https:\/\/site.educa.madrid.org\/ies.julioverne.leganes\/index.php\/wp-json\/wp\/v2\/posts\/2253\/revisions\/2259"}],"wp:featuredmedia":[{"embeddable":true,"href":"https:\/\/site.educa.madrid.org\/ies.julioverne.leganes\/index.php\/wp-json\/wp\/v2\/media\/2254"}],"wp:attachment":[{"href":"https:\/\/site.educa.madrid.org\/ies.julioverne.leganes\/index.php\/wp-json\/wp\/v2\/media?parent=2253"}],"wp:term":[{"taxonomy":"category","embeddable":true,"href":"https:\/\/site.educa.madrid.org\/ies.julioverne.leganes\/index.php\/wp-json\/wp\/v2\/categories?post=2253"},{"taxonomy":"post_tag","embeddable":true,"href":"https:\/\/site.educa.madrid.org\/ies.julioverne.leganes\/index.php\/wp-json\/wp\/v2\/tags?post=2253"},{"taxonomy":"post_folder","embeddable":true,"href":"https:\/\/site.educa.madrid.org\/ies.julioverne.leganes\/index.php\/wp-json\/wp\/v2\/post_folder?post=2253"}],"curies":[{"name":"wp","href":"https:\/\/api.w.org\/{rel}","templated":true}]}}