{"id":2267,"date":"2021-01-18T23:30:00","date_gmt":"2021-01-18T23:30:00","guid":{"rendered":"https:\/\/site.educa.madrid.org\/ies.julioverne.leganes\/?p=2267"},"modified":"2021-01-19T21:10:52","modified_gmt":"2021-01-19T21:10:52","slug":"recordatoria-al-reanudar-las-clases-covid19","status":"publish","type":"post","link":"https:\/\/site.educa.madrid.org\/ies.julioverne.leganes\/index.php\/2021\/01\/18\/recordatoria-al-reanudar-las-clases-covid19\/","title":{"rendered":"Recordatorio al reanudar las clases &#8211; COVID19"},"content":{"rendered":"\n<p class=\"has-text-align-right\">18 de enero de 2021<\/p>\n\n\n\n<p class=\"has-medium-font-size\">Estimadas familias, quer\u00edamos recordaros algunas cuestiones con respecto a la  pandemia que sufrimos por el SARS-CoV-2 (y que provoca la enfermedad COVID19) y la forma de actuaci\u00f3n en el Centro, igual que lo hicimos al inicio de curso.<\/p>\n\n\n\n<ul class=\"wp-block-list\"><li>Insistir en el compromiso y la obligaci\u00f3n de tomar la temperatura en casa, todos los d\u00edas. Si la temperatura es igual o superior a 37.5 grados, el\/la alumno\/a deber\u00e1 permanecer en el domicilio y vigilar los s\u00edntomas que vayan apareciendo. Si finalmente no se tratara de patolog\u00eda por COVID- 19, el\/la alumno\/a podr\u00e1 volver al centro tras 24 horas sin s\u00edntomas.<\/li><\/ul>\n\n\n\n<ul class=\"wp-block-list\"><li>Ante cualquier s\u00edntoma compatible con COVID-19 (<em>tos seca, dificultad respiratoria, febr\u00edcula o fiebre, dolor de cabeza fuerte, dolor de garganta, dolor muscular intenso, p\u00e9rdida de olfato o gusto, dificultad respiratoria, n\u00e1useas y\/o v\u00f3mitos, cansancio extremo, diarrea, conjuntivitis, erupciones cut\u00e1neas, et<\/em>c.), el\/la alumno\/a y  convivientes permanecer\u00e1n en el domicilio y deber\u00e1n ponerse en contacto con su pediatra o m\u00e9dico de familia para seguir las indicaciones oportunas. Tambi\u00e9n deber\u00e1n ponerlo en conocimiento de la Coordinadora COVID del centro y su tutor\/a de curso.<\/li><\/ul>\n\n\n\n<ul class=\"wp-block-list\"><li>Si en el n\u00facleo familiar hay alg\u00fan miembro a la espera del resultado de una PCR o test de ant\u00edgenos, lo indicado es que el resto de los convivientes se queden en casa hasta la obtenci\u00f3n del mismo.<\/li><\/ul>\n\n\n\n<ul class=\"wp-block-list\"><li>Comunicar el resultado de la PCR o test de ant\u00edgeno lo antes posible a <a href=\"mailto:covid19@iesjulioverne.org\">covid19@iesjulioverne.org<\/a> o 91.680.76.65 (coordinadora COVID19 \u2013 Ana Hern\u00e1ndez Revuelta) y al\/la tutor\/a para poder realizar, en caso de resultar positiva, el correspondiente informe para la Direcci\u00f3n General de Salud P\u00fablica y el comienzo del estudio de contactos y cuarentenas pertinentes.<\/li><\/ul>\n\n\n\n<ul class=\"wp-block-list\"><li>En el caso de que el\/la alumno\/a haya sido considerado\/a contacto estrecho de alg\u00fan positivo fuera del centro escolar y deba guardar la correspondiente cuarentena de 10\/14 d\u00edas (seg\u00fan haya prescrito su m\u00e9dico), debe comunicarlo tambi\u00e9n a la coordinadora y al\/la tutor\/a.<\/li><\/ul>\n\n\n\n<div class=\"wp-block-group\"><div class=\"wp-block-group__inner-container is-layout-flow wp-block-group-is-layout-flow\">\n<ul class=\"wp-block-list\"><li>Si durante el periodo vacacional de Navidad el\/la alumno\/a ha padecido la COVID-19 o se encuentra actualmente en cuarentena, debe enviarse un correo a la coordinadora COVID19 con el fin de llevar un registro de casos COVID en el centro. Se ha de indicar:<ul><li>En el caso de haberse obtenido diagn\u00f3stico positivo: FECHA DE LA PRUEBA (PCR O TEST DE ANT\u00cdGENOS).<\/li><li>En el caso de estar actualmente en cuarentena por ser considerado contacto estrecho de un positivo, SE DEBE INDICAR LA FECHA DE FINALIZACI\u00d3N DE LA CUARENTENA.<\/li><\/ul><\/li><\/ul>\n<\/div><\/div>\n\n\n\n<ul class=\"wp-block-list\"><li>Finalmente, se recuerda el uso obligatorio de mascarilla higi\u00e9nica homologada, quir\u00fargica o FFP2, y cambio de la misma cada 4 u 8 horas (seg\u00fan caracter\u00edsticas) as\u00ed como respetar la se\u00f1alizaci\u00f3n y normas que os mandamos al principio de curso en todo el centro educativo.<\/li><\/ul>\n\n\n\n<p><br>Saludos,<\/p>\n\n\n\n<p><strong>Ana Hern\u00e1ndez Revuelta<br>Jefe Estudios Adjunta &#8211; Coordinadora COVID19<\/strong><\/p>\n","protected":false},"excerpt":{"rendered":"<p>18 de enero de 2021 Estimadas familias, quer\u00edamos recordaros algunas cuestiones con respecto a la pandemia que sufrimos por el SARS-CoV-2 (y que provoca la enfermedad COVID19) y la forma &#8230;<\/p>\n","protected":false},"author":3,"featured_media":2272,"comment_status":"closed","ping_status":"closed","sticky":false,"template":"","format":"standard","meta":{"footnotes":""},"categories":[5],"tags":[],"post_folder":[],"class_list":["post-2267","post","type-post","status-publish","format-standard","has-post-thumbnail","hentry","category-noticias-de-portada"],"rttpg_featured_image_url":{"full":["https:\/\/site.educa.madrid.org\/ies.julioverne.leganes\/\/wp-content\/uploads\/ies.julioverne.leganes\/2021\/01\/mascarilla-quirurgica.jpg",1600,1099,false],"landscape":["https:\/\/site.educa.madrid.org\/ies.julioverne.leganes\/\/wp-content\/uploads\/ies.julioverne.leganes\/2021\/01\/mascarilla-quirurgica.jpg",1600,1099,false],"portraits":["https:\/\/site.educa.madrid.org\/ies.julioverne.leganes\/\/wp-content\/uploads\/ies.julioverne.leganes\/2021\/01\/mascarilla-quirurgica.jpg",1600,1099,false],"thumbnail":["https:\/\/site.educa.madrid.org\/ies.julioverne.leganes\/\/wp-content\/uploads\/ies.julioverne.leganes\/2021\/01\/mascarilla-quirurgica-150x150.jpg",150,150,true],"medium":["https:\/\/site.educa.madrid.org\/ies.julioverne.leganes\/\/wp-content\/uploads\/ies.julioverne.leganes\/2021\/01\/mascarilla-quirurgica-300x206.jpg",300,206,true],"large":["https:\/\/site.educa.madrid.org\/ies.julioverne.leganes\/\/wp-content\/uploads\/ies.julioverne.leganes\/2021\/01\/mascarilla-quirurgica-1024x703.jpg",800,549,true],"thumblist":["https:\/\/site.educa.madrid.org\/ies.julioverne.leganes\/\/wp-content\/uploads\/ies.julioverne.leganes\/2021\/01\/mascarilla-quirurgica-300x300.jpg",300,300,true],"thumbrelated":["https:\/\/site.educa.madrid.org\/ies.julioverne.leganes\/\/wp-content\/uploads\/ies.julioverne.leganes\/2021\/01\/mascarilla-quirurgica.jpg",500,343,false],"meccarouselthumb":["https:\/\/site.educa.madrid.org\/ies.julioverne.leganes\/\/wp-content\/uploads\/ies.julioverne.leganes\/2021\/01\/mascarilla-quirurgica-474x324.jpg",474,324,true],"gridsquare":["https:\/\/site.educa.madrid.org\/ies.julioverne.leganes\/\/wp-content\/uploads\/ies.julioverne.leganes\/2021\/01\/mascarilla-quirurgica-391x260.jpg",391,260,true],"tileview":["https:\/\/site.educa.madrid.org\/ies.julioverne.leganes\/\/wp-content\/uploads\/ies.julioverne.leganes\/2021\/01\/mascarilla-quirurgica-300x400.jpg",300,400,true],"1536x1536":["https:\/\/site.educa.madrid.org\/ies.julioverne.leganes\/\/wp-content\/uploads\/ies.julioverne.leganes\/2021\/01\/mascarilla-quirurgica-1536x1055.jpg",1536,1055,true],"2048x2048":["https:\/\/site.educa.madrid.org\/ies.julioverne.leganes\/\/wp-content\/uploads\/ies.julioverne.leganes\/2021\/01\/mascarilla-quirurgica.jpg",1600,1099,false],"onepress-blog-small":["https:\/\/site.educa.madrid.org\/ies.julioverne.leganes\/\/wp-content\/uploads\/ies.julioverne.leganes\/2021\/01\/mascarilla-quirurgica-300x150.jpg",300,150,true],"onepress-small":["https:\/\/site.educa.madrid.org\/ies.julioverne.leganes\/\/wp-content\/uploads\/ies.julioverne.leganes\/2021\/01\/mascarilla-quirurgica-480x300.jpg",480,300,true],"onepress-medium":["https:\/\/site.educa.madrid.org\/ies.julioverne.leganes\/\/wp-content\/uploads\/ies.julioverne.leganes\/2021\/01\/mascarilla-quirurgica-640x400.jpg",640,400,true],"sow-carousel-default":["https:\/\/site.educa.madrid.org\/ies.julioverne.leganes\/\/wp-content\/uploads\/ies.julioverne.leganes\/2021\/01\/mascarilla-quirurgica.jpg",265,182,false],"sow-post-carousel-overlay-theme":["https:\/\/site.educa.madrid.org\/ies.julioverne.leganes\/\/wp-content\/uploads\/ies.julioverne.leganes\/2021\/01\/mascarilla-quirurgica.jpg",360,247,false],"sow-post-carousel-cards-theme":["https:\/\/site.educa.madrid.org\/ies.julioverne.leganes\/\/wp-content\/uploads\/ies.julioverne.leganes\/2021\/01\/mascarilla-quirurgica.jpg",349,240,false],"rt_custom":["https:\/\/site.educa.madrid.org\/ies.julioverne.leganes\/\/wp-content\/uploads\/ies.julioverne.leganes\/2021\/01\/mascarilla-quirurgica.jpg",1600,1099,false]},"rttpg_author":{"display_name":"ies.julioverne.leganes","author_link":"https:\/\/site.educa.madrid.org\/ies.julioverne.leganes\/index.php\/author\/cuenta_ies-julioverne-leganes\/"},"rttpg_comment":0,"rttpg_category":"<a href=\"https:\/\/site.educa.madrid.org\/ies.julioverne.leganes\/index.php\/category\/noticias-de-portada\/\" rel=\"category tag\">Noticias de Portada<\/a>","rttpg_excerpt":"18 de enero de 2021 Estimadas familias, quer\u00edamos recordaros algunas cuestiones con respecto a la pandemia que sufrimos por el SARS-CoV-2 (y que provoca la enfermedad COVID19) y la forma ...","post_mailing_queue_ids":[],"_links":{"self":[{"href":"https:\/\/site.educa.madrid.org\/ies.julioverne.leganes\/index.php\/wp-json\/wp\/v2\/posts\/2267","targetHints":{"allow":["GET"]}}],"collection":[{"href":"https:\/\/site.educa.madrid.org\/ies.julioverne.leganes\/index.php\/wp-json\/wp\/v2\/posts"}],"about":[{"href":"https:\/\/site.educa.madrid.org\/ies.julioverne.leganes\/index.php\/wp-json\/wp\/v2\/types\/post"}],"author":[{"embeddable":true,"href":"https:\/\/site.educa.madrid.org\/ies.julioverne.leganes\/index.php\/wp-json\/wp\/v2\/users\/3"}],"replies":[{"embeddable":true,"href":"https:\/\/site.educa.madrid.org\/ies.julioverne.leganes\/index.php\/wp-json\/wp\/v2\/comments?post=2267"}],"version-history":[{"count":5,"href":"https:\/\/site.educa.madrid.org\/ies.julioverne.leganes\/index.php\/wp-json\/wp\/v2\/posts\/2267\/revisions"}],"predecessor-version":[{"id":2274,"href":"https:\/\/site.educa.madrid.org\/ies.julioverne.leganes\/index.php\/wp-json\/wp\/v2\/posts\/2267\/revisions\/2274"}],"wp:featuredmedia":[{"embeddable":true,"href":"https:\/\/site.educa.madrid.org\/ies.julioverne.leganes\/index.php\/wp-json\/wp\/v2\/media\/2272"}],"wp:attachment":[{"href":"https:\/\/site.educa.madrid.org\/ies.julioverne.leganes\/index.php\/wp-json\/wp\/v2\/media?parent=2267"}],"wp:term":[{"taxonomy":"category","embeddable":true,"href":"https:\/\/site.educa.madrid.org\/ies.julioverne.leganes\/index.php\/wp-json\/wp\/v2\/categories?post=2267"},{"taxonomy":"post_tag","embeddable":true,"href":"https:\/\/site.educa.madrid.org\/ies.julioverne.leganes\/index.php\/wp-json\/wp\/v2\/tags?post=2267"},{"taxonomy":"post_folder","embeddable":true,"href":"https:\/\/site.educa.madrid.org\/ies.julioverne.leganes\/index.php\/wp-json\/wp\/v2\/post_folder?post=2267"}],"curies":[{"name":"wp","href":"https:\/\/api.w.org\/{rel}","templated":true}]}}