{"id":2774,"date":"2021-03-01T13:43:00","date_gmt":"2021-03-01T13:43:00","guid":{"rendered":"https:\/\/site.educa.madrid.org\/ies.julioverne.leganes\/?p=2774"},"modified":"2021-03-02T09:50:22","modified_gmt":"2021-03-02T09:50:22","slug":"ponencia-de-formacion-del-profesorado","status":"publish","type":"post","link":"https:\/\/site.educa.madrid.org\/ies.julioverne.leganes\/index.php\/2021\/03\/01\/ponencia-de-formacion-del-profesorado\/","title":{"rendered":"Ponencia de formaci\u00f3n del profesorado y familias"},"content":{"rendered":"\n<div class=\"wp-block-image\"><figure class=\"alignright size-large\"><a href=\"https:\/\/site.educa.madrid.org\/ies.julioverne.leganes\/index.php\/2020\/11\/12\/jornadas-pedagogicas-activas\/\"><img loading=\"lazy\" decoding=\"async\" width=\"284\" height=\"404\" src=\"https:\/\/site.educa.madrid.org\/ies.julioverne.leganes\/\/wp-content\/uploads\/ies.julioverne.leganes\/2020\/11\/cartel-jornadas-pedag\u00f3gicas.png\" alt=\"\" class=\"wp-image-1237\" srcset=\"https:\/\/site.educa.madrid.org\/ies.julioverne.leganes\/\/wp-content\/uploads\/ies.julioverne.leganes\/2020\/11\/cartel-jornadas-pedag\u00f3gicas.png 284w, https:\/\/site.educa.madrid.org\/ies.julioverne.leganes\/\/wp-content\/uploads\/ies.julioverne.leganes\/2020\/11\/cartel-jornadas-pedag\u00f3gicas-211x300.png 211w\" sizes=\"auto, (max-width: 284px) 100vw, 284px\" \/><\/a><\/figure><\/div>\n\n\n\n<div class=\"wp-block-group has-very-light-gray-background-color has-background\"><div class=\"wp-block-group__inner-container is-layout-flow wp-block-group-is-layout-flow\">\n<p>El pr\u00f3ximo&nbsp;<strong>mi\u00e9rcoles, d\u00eda 3 de marzo<\/strong>, tendremos la&nbsp;<strong><u>CUARTA<\/u><\/strong>&nbsp;PONENCIA del seminario de formaci\u00f3n del profesorado <a href=\"https:\/\/site.educa.madrid.org\/ies.julioverne.leganes\/index.php\/2020\/11\/12\/jornadas-pedagogicas-activas\/\"><strong>\u201cInnovaci\u00f3n educativa<\/strong>\u00ab<\/a>.<\/p>\n\n\n\n<p>Se celebrar\u00e1 en el&nbsp;<strong>aula A220 (Atenea), de 15h a 17h<\/strong>. y el ponente ser\u00e1 <strong>Diego Juzgado<\/strong>, profesor y Jefe de Departamento de Ingl\u00e9s. <\/p>\n\n\n\n<p>La ponencia ser\u00e1 sobre c\u00f3mo utilizar la aplicaci\u00f3n&nbsp;<em>Kahoot!<\/em>&nbsp;en el aula como recurso educativo.<\/p>\n\n\n\n<p>Esta ponencia que no estaba prevista en un principio se ha a\u00f1adido al programa inicial que se refleja a continuaci\u00f3n, sustituyendo a la que hab\u00eda programada.<\/p>\n\n\n\n<p>Est\u00e1 abierta para padres\/madres del Centro. Si alguno quiere participar, debe comunicarlo en la direcci\u00f3n de correo electr\u00f3nico <a href=\"mailto:direccion@iesjulioverne.org\">direccion@iesjulioverne.org<\/a>, para prever espacios por el aforo.<\/p>\n<\/div><\/div>\n","protected":false},"excerpt":{"rendered":"<p>El pr\u00f3ximo&nbsp;mi\u00e9rcoles, d\u00eda 3 de marzo, tendremos la&nbsp;CUARTA&nbsp;PONENCIA del seminario de formaci\u00f3n del profesorado \u201cInnovaci\u00f3n educativa\u00ab. Se celebrar\u00e1 en el&nbsp;aula A220 (Atenea), de 15h a 17h. y el ponente ser\u00e1 &#8230;<\/p>\n","protected":false},"author":5,"featured_media":2775,"comment_status":"closed","ping_status":"closed","sticky":false,"template":"","format":"standard","meta":{"footnotes":""},"categories":[5],"tags":[],"post_folder":[],"class_list":["post-2774","post","type-post","status-publish","format-standard","has-post-thumbnail","hentry","category-noticias-de-portada"],"rttpg_featured_image_url":{"full":["https:\/\/site.educa.madrid.org\/ies.julioverne.leganes\/\/wp-content\/uploads\/ies.julioverne.leganes\/2021\/02\/Kahoot.png",321,157,false],"landscape":["https:\/\/site.educa.madrid.org\/ies.julioverne.leganes\/\/wp-content\/uploads\/ies.julioverne.leganes\/2021\/02\/Kahoot.png",321,157,false],"portraits":["https:\/\/site.educa.madrid.org\/ies.julioverne.leganes\/\/wp-content\/uploads\/ies.julioverne.leganes\/2021\/02\/Kahoot.png",321,157,false],"thumbnail":["https:\/\/site.educa.madrid.org\/ies.julioverne.leganes\/\/wp-content\/uploads\/ies.julioverne.leganes\/2021\/02\/Kahoot-150x150.png",150,150,true],"medium":["https:\/\/site.educa.madrid.org\/ies.julioverne.leganes\/\/wp-content\/uploads\/ies.julioverne.leganes\/2021\/02\/Kahoot-300x147.png",300,147,true],"large":["https:\/\/site.educa.madrid.org\/ies.julioverne.leganes\/\/wp-content\/uploads\/ies.julioverne.leganes\/2021\/02\/Kahoot.png",321,157,false],"thumblist":["https:\/\/site.educa.madrid.org\/ies.julioverne.leganes\/\/wp-content\/uploads\/ies.julioverne.leganes\/2021\/02\/Kahoot-300x157.png",300,157,true],"thumbrelated":["https:\/\/site.educa.madrid.org\/ies.julioverne.leganes\/\/wp-content\/uploads\/ies.julioverne.leganes\/2021\/02\/Kahoot.png",321,157,false],"meccarouselthumb":["https:\/\/site.educa.madrid.org\/ies.julioverne.leganes\/\/wp-content\/uploads\/ies.julioverne.leganes\/2021\/02\/Kahoot.png",321,157,false],"gridsquare":["https:\/\/site.educa.madrid.org\/ies.julioverne.leganes\/\/wp-content\/uploads\/ies.julioverne.leganes\/2021\/02\/Kahoot.png",321,157,false],"tileview":["https:\/\/site.educa.madrid.org\/ies.julioverne.leganes\/\/wp-content\/uploads\/ies.julioverne.leganes\/2021\/02\/Kahoot-300x157.png",300,157,true],"1536x1536":["https:\/\/site.educa.madrid.org\/ies.julioverne.leganes\/\/wp-content\/uploads\/ies.julioverne.leganes\/2021\/02\/Kahoot.png",321,157,false],"2048x2048":["https:\/\/site.educa.madrid.org\/ies.julioverne.leganes\/\/wp-content\/uploads\/ies.julioverne.leganes\/2021\/02\/Kahoot.png",321,157,false],"onepress-blog-small":["https:\/\/site.educa.madrid.org\/ies.julioverne.leganes\/\/wp-content\/uploads\/ies.julioverne.leganes\/2021\/02\/Kahoot-300x150.png",300,150,true],"onepress-small":["https:\/\/site.educa.madrid.org\/ies.julioverne.leganes\/\/wp-content\/uploads\/ies.julioverne.leganes\/2021\/02\/Kahoot.png",321,157,false],"onepress-medium":["https:\/\/site.educa.madrid.org\/ies.julioverne.leganes\/\/wp-content\/uploads\/ies.julioverne.leganes\/2021\/02\/Kahoot.png",321,157,false],"sow-carousel-default":["https:\/\/site.educa.madrid.org\/ies.julioverne.leganes\/\/wp-content\/uploads\/ies.julioverne.leganes\/2021\/02\/Kahoot.png",272,133,false],"sow-post-carousel-overlay-theme":["https:\/\/site.educa.madrid.org\/ies.julioverne.leganes\/\/wp-content\/uploads\/ies.julioverne.leganes\/2021\/02\/Kahoot.png",321,157,false],"sow-post-carousel-cards-theme":["https:\/\/site.educa.madrid.org\/ies.julioverne.leganes\/\/wp-content\/uploads\/ies.julioverne.leganes\/2021\/02\/Kahoot.png",321,157,false],"rt_custom":["https:\/\/site.educa.madrid.org\/ies.julioverne.leganes\/\/wp-content\/uploads\/ies.julioverne.leganes\/2021\/02\/Kahoot.png",321,157,false]},"rttpg_author":{"display_name":"Fco. Javier Bell\u00f3n Jaramillo","author_link":"https:\/\/site.educa.madrid.org\/ies.julioverne.leganes\/index.php\/author\/francisco-j_belln-jaramillo\/"},"rttpg_comment":0,"rttpg_category":"<a href=\"https:\/\/site.educa.madrid.org\/ies.julioverne.leganes\/index.php\/category\/noticias-de-portada\/\" rel=\"category tag\">Noticias de Portada<\/a>","rttpg_excerpt":"El pr\u00f3ximo&nbsp;mi\u00e9rcoles, d\u00eda 3 de marzo, tendremos la&nbsp;CUARTA&nbsp;PONENCIA del seminario de formaci\u00f3n del profesorado \u201cInnovaci\u00f3n educativa\u00ab. Se celebrar\u00e1 en el&nbsp;aula A220 (Atenea), de 15h a 17h. y el ponente ser\u00e1 ...","post_mailing_queue_ids":[],"_links":{"self":[{"href":"https:\/\/site.educa.madrid.org\/ies.julioverne.leganes\/index.php\/wp-json\/wp\/v2\/posts\/2774","targetHints":{"allow":["GET"]}}],"collection":[{"href":"https:\/\/site.educa.madrid.org\/ies.julioverne.leganes\/index.php\/wp-json\/wp\/v2\/posts"}],"about":[{"href":"https:\/\/site.educa.madrid.org\/ies.julioverne.leganes\/index.php\/wp-json\/wp\/v2\/types\/post"}],"author":[{"embeddable":true,"href":"https:\/\/site.educa.madrid.org\/ies.julioverne.leganes\/index.php\/wp-json\/wp\/v2\/users\/5"}],"replies":[{"embeddable":true,"href":"https:\/\/site.educa.madrid.org\/ies.julioverne.leganes\/index.php\/wp-json\/wp\/v2\/comments?post=2774"}],"version-history":[{"count":9,"href":"https:\/\/site.educa.madrid.org\/ies.julioverne.leganes\/index.php\/wp-json\/wp\/v2\/posts\/2774\/revisions"}],"predecessor-version":[{"id":2820,"href":"https:\/\/site.educa.madrid.org\/ies.julioverne.leganes\/index.php\/wp-json\/wp\/v2\/posts\/2774\/revisions\/2820"}],"wp:featuredmedia":[{"embeddable":true,"href":"https:\/\/site.educa.madrid.org\/ies.julioverne.leganes\/index.php\/wp-json\/wp\/v2\/media\/2775"}],"wp:attachment":[{"href":"https:\/\/site.educa.madrid.org\/ies.julioverne.leganes\/index.php\/wp-json\/wp\/v2\/media?parent=2774"}],"wp:term":[{"taxonomy":"category","embeddable":true,"href":"https:\/\/site.educa.madrid.org\/ies.julioverne.leganes\/index.php\/wp-json\/wp\/v2\/categories?post=2774"},{"taxonomy":"post_tag","embeddable":true,"href":"https:\/\/site.educa.madrid.org\/ies.julioverne.leganes\/index.php\/wp-json\/wp\/v2\/tags?post=2774"},{"taxonomy":"post_folder","embeddable":true,"href":"https:\/\/site.educa.madrid.org\/ies.julioverne.leganes\/index.php\/wp-json\/wp\/v2\/post_folder?post=2774"}],"curies":[{"name":"wp","href":"https:\/\/api.w.org\/{rel}","templated":true}]}}