{"id":3189,"date":"2021-03-25T14:38:52","date_gmt":"2021-03-25T14:38:52","guid":{"rendered":"https:\/\/site.educa.madrid.org\/ies.julioverne.leganes\/?p=3189"},"modified":"2021-03-25T14:39:24","modified_gmt":"2021-03-25T14:39:24","slug":"nos-visita-jesus-lago-solis-de-la-pelicula-campeones","status":"publish","type":"post","link":"https:\/\/site.educa.madrid.org\/ies.julioverne.leganes\/index.php\/2021\/03\/25\/nos-visita-jesus-lago-solis-de-la-pelicula-campeones\/","title":{"rendered":"Nos visita Jes\u00fas Lago Sol\u00eds de la pel\u00edcula CAMPEONES"},"content":{"rendered":"\n<div class=\"wp-block-image\"><figure class=\"alignleft size-medium\"><img loading=\"lazy\" decoding=\"async\" width=\"213\" height=\"300\" src=\"https:\/\/site.educa.madrid.org\/ies.julioverne.leganes\/\/wp-content\/uploads\/ies.julioverne.leganes\/2021\/03\/CAMPEONES-213x300.png\" alt=\"\" class=\"wp-image-3192\"\/><\/figure><\/div>\n\n\n\n<p>Los pasados d\u00edas nos acompa\u00f1\u00f3 Jes\u00fas Lago Sol\u00eds, con los alumnos de 1\u00ba de ESO, dentro de una actividad en la que los alumnos hab\u00edan visto la pel\u00edcula Campeones en familia y de ah\u00ed hab\u00edan sacado preguntas sobre la misma y sobre discapacidad que hacerle a Jes\u00fas.<\/p>\n\n\n\n<p>Los alumnos lo pasaron en grande con nuestro invitado.<\/p>\n\n\n\n<p>Muchas gracias Jes\u00fas por tu cari\u00f1o y simpat\u00eda.<\/p>\n\n\n\n<p><\/p>\n","protected":false},"excerpt":{"rendered":"<p>Los pasados d\u00edas nos acompa\u00f1\u00f3 Jes\u00fas Lago Sol\u00eds, con los alumnos de 1\u00ba de ESO, dentro de una actividad en la que los alumnos hab\u00edan visto la pel\u00edcula Campeones en &#8230;<\/p>\n","protected":false},"author":5,"featured_media":3193,"comment_status":"closed","ping_status":"closed","sticky":false,"template":"","format":"standard","meta":{"footnotes":""},"categories":[5],"tags":[],"post_folder":[],"class_list":["post-3189","post","type-post","status-publish","format-standard","has-post-thumbnail","hentry","category-noticias-de-portada"],"rttpg_featured_image_url":{"full":["https:\/\/site.educa.madrid.org\/ies.julioverne.leganes\/\/wp-content\/uploads\/ies.julioverne.leganes\/2021\/03\/CAMPEONES-.png",250,179,false],"landscape":["https:\/\/site.educa.madrid.org\/ies.julioverne.leganes\/\/wp-content\/uploads\/ies.julioverne.leganes\/2021\/03\/CAMPEONES-.png",250,179,false],"portraits":["https:\/\/site.educa.madrid.org\/ies.julioverne.leganes\/\/wp-content\/uploads\/ies.julioverne.leganes\/2021\/03\/CAMPEONES-.png",250,179,false],"thumbnail":["https:\/\/site.educa.madrid.org\/ies.julioverne.leganes\/\/wp-content\/uploads\/ies.julioverne.leganes\/2021\/03\/CAMPEONES--150x150.png",150,150,true],"medium":["https:\/\/site.educa.madrid.org\/ies.julioverne.leganes\/\/wp-content\/uploads\/ies.julioverne.leganes\/2021\/03\/CAMPEONES-.png",250,179,false],"large":["https:\/\/site.educa.madrid.org\/ies.julioverne.leganes\/\/wp-content\/uploads\/ies.julioverne.leganes\/2021\/03\/CAMPEONES-.png",250,179,false],"thumblist":["https:\/\/site.educa.madrid.org\/ies.julioverne.leganes\/\/wp-content\/uploads\/ies.julioverne.leganes\/2021\/03\/CAMPEONES-.png",250,179,false],"thumbrelated":["https:\/\/site.educa.madrid.org\/ies.julioverne.leganes\/\/wp-content\/uploads\/ies.julioverne.leganes\/2021\/03\/CAMPEONES-.png",250,179,false],"meccarouselthumb":["https:\/\/site.educa.madrid.org\/ies.julioverne.leganes\/\/wp-content\/uploads\/ies.julioverne.leganes\/2021\/03\/CAMPEONES-.png",250,179,false],"gridsquare":["https:\/\/site.educa.madrid.org\/ies.julioverne.leganes\/\/wp-content\/uploads\/ies.julioverne.leganes\/2021\/03\/CAMPEONES-.png",250,179,false],"tileview":["https:\/\/site.educa.madrid.org\/ies.julioverne.leganes\/\/wp-content\/uploads\/ies.julioverne.leganes\/2021\/03\/CAMPEONES-.png",250,179,false],"1536x1536":["https:\/\/site.educa.madrid.org\/ies.julioverne.leganes\/\/wp-content\/uploads\/ies.julioverne.leganes\/2021\/03\/CAMPEONES-.png",250,179,false],"2048x2048":["https:\/\/site.educa.madrid.org\/ies.julioverne.leganes\/\/wp-content\/uploads\/ies.julioverne.leganes\/2021\/03\/CAMPEONES-.png",250,179,false],"onepress-blog-small":["https:\/\/site.educa.madrid.org\/ies.julioverne.leganes\/\/wp-content\/uploads\/ies.julioverne.leganes\/2021\/03\/CAMPEONES--250x150.png",250,150,true],"onepress-small":["https:\/\/site.educa.madrid.org\/ies.julioverne.leganes\/\/wp-content\/uploads\/ies.julioverne.leganes\/2021\/03\/CAMPEONES-.png",250,179,false],"onepress-medium":["https:\/\/site.educa.madrid.org\/ies.julioverne.leganes\/\/wp-content\/uploads\/ies.julioverne.leganes\/2021\/03\/CAMPEONES-.png",250,179,false],"sow-carousel-default":["https:\/\/site.educa.madrid.org\/ies.julioverne.leganes\/\/wp-content\/uploads\/ies.julioverne.leganes\/2021\/03\/CAMPEONES-.png",250,179,false],"sow-post-carousel-overlay-theme":["https:\/\/site.educa.madrid.org\/ies.julioverne.leganes\/\/wp-content\/uploads\/ies.julioverne.leganes\/2021\/03\/CAMPEONES-.png",250,179,false],"sow-post-carousel-cards-theme":["https:\/\/site.educa.madrid.org\/ies.julioverne.leganes\/\/wp-content\/uploads\/ies.julioverne.leganes\/2021\/03\/CAMPEONES-.png",250,179,false],"rt_custom":["https:\/\/site.educa.madrid.org\/ies.julioverne.leganes\/\/wp-content\/uploads\/ies.julioverne.leganes\/2021\/03\/CAMPEONES-.png",250,179,false]},"rttpg_author":{"display_name":"Fco. Javier Bell\u00f3n Jaramillo","author_link":"https:\/\/site.educa.madrid.org\/ies.julioverne.leganes\/index.php\/author\/francisco-j_belln-jaramillo\/"},"rttpg_comment":0,"rttpg_category":"<a href=\"https:\/\/site.educa.madrid.org\/ies.julioverne.leganes\/index.php\/category\/noticias-de-portada\/\" rel=\"category tag\">Noticias de Portada<\/a>","rttpg_excerpt":"Los pasados d\u00edas nos acompa\u00f1\u00f3 Jes\u00fas Lago Sol\u00eds, con los alumnos de 1\u00ba de ESO, dentro de una actividad en la que los alumnos hab\u00edan visto la pel\u00edcula Campeones en ...","post_mailing_queue_ids":[],"_links":{"self":[{"href":"https:\/\/site.educa.madrid.org\/ies.julioverne.leganes\/index.php\/wp-json\/wp\/v2\/posts\/3189","targetHints":{"allow":["GET"]}}],"collection":[{"href":"https:\/\/site.educa.madrid.org\/ies.julioverne.leganes\/index.php\/wp-json\/wp\/v2\/posts"}],"about":[{"href":"https:\/\/site.educa.madrid.org\/ies.julioverne.leganes\/index.php\/wp-json\/wp\/v2\/types\/post"}],"author":[{"embeddable":true,"href":"https:\/\/site.educa.madrid.org\/ies.julioverne.leganes\/index.php\/wp-json\/wp\/v2\/users\/5"}],"replies":[{"embeddable":true,"href":"https:\/\/site.educa.madrid.org\/ies.julioverne.leganes\/index.php\/wp-json\/wp\/v2\/comments?post=3189"}],"version-history":[{"count":1,"href":"https:\/\/site.educa.madrid.org\/ies.julioverne.leganes\/index.php\/wp-json\/wp\/v2\/posts\/3189\/revisions"}],"predecessor-version":[{"id":3194,"href":"https:\/\/site.educa.madrid.org\/ies.julioverne.leganes\/index.php\/wp-json\/wp\/v2\/posts\/3189\/revisions\/3194"}],"wp:featuredmedia":[{"embeddable":true,"href":"https:\/\/site.educa.madrid.org\/ies.julioverne.leganes\/index.php\/wp-json\/wp\/v2\/media\/3193"}],"wp:attachment":[{"href":"https:\/\/site.educa.madrid.org\/ies.julioverne.leganes\/index.php\/wp-json\/wp\/v2\/media?parent=3189"}],"wp:term":[{"taxonomy":"category","embeddable":true,"href":"https:\/\/site.educa.madrid.org\/ies.julioverne.leganes\/index.php\/wp-json\/wp\/v2\/categories?post=3189"},{"taxonomy":"post_tag","embeddable":true,"href":"https:\/\/site.educa.madrid.org\/ies.julioverne.leganes\/index.php\/wp-json\/wp\/v2\/tags?post=3189"},{"taxonomy":"post_folder","embeddable":true,"href":"https:\/\/site.educa.madrid.org\/ies.julioverne.leganes\/index.php\/wp-json\/wp\/v2\/post_folder?post=3189"}],"curies":[{"name":"wp","href":"https:\/\/api.w.org\/{rel}","templated":true}]}}