{"id":11263,"date":"2026-09-04T12:29:49","date_gmt":"2026-09-04T10:29:49","guid":{"rendered":"https:\/\/site.educa.madrid.org\/ies.lacabrera\/?p=11263"},"modified":"2026-09-04T12:30:01","modified_gmt":"2026-09-04T10:30:01","slug":"convocatoria-de-participacion-en-programa-de-intercambio-escolar-ies-la-cabrera-liceo-statale-rinaldo-corso-correggio-italia","status":"publish","type":"post","link":"https:\/\/site.educa.madrid.org\/ies.lacabrera\/index.php\/2026\/09\/04\/convocatoria-de-participacion-en-programa-de-intercambio-escolar-ies-la-cabrera-liceo-statale-rinaldo-corso-correggio-italia\/","title":{"rendered":"CONVOCATORIA DE PARTICIPACI\u00d3N EN PROGRAMA DE INTERCAMBIO ESCOLAR\u00a0IES LA CABRERA \u2013 LICEO STATALE RINALDO CORSO (CORREGGIO, ITALIA)"},"content":{"rendered":"<p><span style=\"font-family: Arial, sans-serif\">El IES La Cabrera convoca al alumnado de 1\u00ba de Bachillerato a participar en un programa de intercambio de larga duraci\u00f3n con el <\/span><em><span style=\"font-family: Arial, sans-serif\">Liceo Statale Rinaldo Corso<\/span><\/em><span style=\"font-family: Arial, sans-serif\">\u00a0de Correggio (Italia), en el marco del proyecto de internacionalizaci\u00f3n y fomento de lenguas extranjeras de nuestro centro.<\/span><\/p>\n<p><strong><span style=\"font-family: Arial, sans-serif\">Plazas ofertadas:<\/span><\/strong><span style=\"font-family: Arial, sans-serif\"> 3 plazas para alumnado de 1\u00ba de Bachillerato (de no cubrirse, se abrir\u00e1 a 4\u00ba ESO de forma excepcional)<\/span><\/p>\n<p><strong><span style=\"font-family: Arial, sans-serif\">Calendario de la estancia:<\/span><\/strong><\/p>\n<ul>\n<li><strong><span style=\"font-family: Arial, sans-serif\">Estancia en Italia (alumnado del IES La Cabrera):<\/span><\/strong><span style=\"font-family: Arial, sans-serif\"> del 24 de octubre al 28 de noviembre de 2026 (5 semanas). Durante la primera semana se coincide con el grupo de 18 alumnos-as de La Cabrera que viajan a Correggio en movilidad de corta duraci\u00f3n (una semana)<\/span><\/li>\n<li><strong><span style=\"font-family: Arial, sans-serif\">Acogida del estudiante italiano en Espa\u00f1a:<\/span><\/strong><span style=\"font-family: Arial, sans-serif\">\u00a0del 3 de abril al 8 de mayo de 2027. El alumno participante italiano ha nacido en el a\u00f1o 2009 (cursar\u00eda 2\u00ba de bachillerato en el sistema educativo espa\u00f1ol).<\/span><\/li>\n<\/ul>\n<p><strong><span style=\"font-family: Arial, sans-serif\">R\u00e9gimen de participaci\u00f3n:<\/span><\/strong><span style=\"font-family: Arial, sans-serif\"><br \/>\nLa estancia se realiza en r\u00e9gimen de\u00a0<\/span><strong><span style=\"font-family: Arial, sans-serif\">intercambio<\/span><\/strong><span style=\"font-family: Arial, sans-serif\">, lo que implica que las familias participantes acogen al estudiante italiano durante su estancia en Espa\u00f1a y, a su vez, el estudiante espa\u00f1ol es acogido por la familia italiana durante su estancia en Correggio. Por este motivo,\u00a0<\/span><strong><span style=\"font-family: Arial, sans-serif\">los gastos de alojamiento y manutenci\u00f3n est\u00e1n cubiertos<\/span><\/strong><span style=\"font-family: Arial, sans-serif\">\u00a0durante el periodo de intercambio en ambos pa\u00edses.<\/span><\/p>\n<p><strong><span style=\"font-family: Arial, sans-serif\">Gastos a cargo de la familia del participante:<\/span><\/strong><\/p>\n<ul>\n<li><span style=\"font-family: Arial, sans-serif\">Parte del billete de avi\u00f3n (ida y vuelta) \u2014el centro gestionar\u00e1 la compra conjunta para abaratar costes.<\/span><\/li>\n<li><span style=\"font-family: Arial, sans-serif\">Gastos cotidianos durante la estancia (transporte local, actividades, ocio, comidas fuera del hogar en horario escolar, etc.).<\/span><\/li>\n<\/ul>\n<p><strong><span style=\"font-family: Arial, sans-serif\">Criterios de selecci\u00f3n:<\/span><\/strong><span style=\"font-family: Arial, sans-serif\"><br \/>\nLa comisi\u00f3n de selecci\u00f3n valorar\u00e1 las solicitudes atendiendo a los siguientes criterios:<\/span><\/p>\n<ol>\n<li><strong><span style=\"font-family: Arial, sans-serif\">Expediente acad\u00e9mico:<\/span><\/strong><span style=\"font-family: Arial, sans-serif\">\u00a0notas en todas las asignaturas.<\/span><\/li>\n<li><strong><span style=\"font-family: Arial, sans-serif\">Competencia ling\u00fc\u00edstica:<\/span><\/strong><span style=\"font-family: Arial, sans-serif\">\u00a0notas en idiomas de enfoque del programa (italiano o ingl\u00e9s).<\/span><\/li>\n<li><strong><span style=\"font-family: Arial, sans-serif\">Evaluaci\u00f3n del equipo docente:<\/span><\/strong><span style=\"font-family: Arial, sans-serif\">\u00a0valoraci\u00f3n de los tutores y profesores del candidato\/a.<\/span><\/li>\n<li><strong><span style=\"font-family: Arial, sans-serif\">Entrevista personal:<\/span><\/strong><span style=\"font-family: Arial, sans-serif\">\u00a0se realizar\u00e1 una entrevista en la que el\/la candidato\/a deber\u00e1 realizar una\u00a0<\/span><strong><span style=\"font-family: Arial, sans-serif\">presentaci\u00f3n de 5 minutos\u00a0<\/span><\/strong><span style=\"font-family: Arial, sans-serif\">centr\u00e1ndose en\u00a0sobre los siguientes apartados:<\/span>\n<ul>\n<li><span style=\"font-family: Arial, sans-serif\">\u00bfQui\u00e9n soy?<\/span><\/li>\n<li><span style=\"font-family: Arial, sans-serif\">\u00bfQu\u00e9 me gusta?<\/span><\/li>\n<li><span style=\"font-family: Arial, sans-serif\">\u00bfPor qu\u00e9 soy un buen candidato\/a para este intercambio?<\/span><\/li>\n<\/ul>\n<p><span style=\"font-family: Arial, sans-serif\">Tras la presentaci\u00f3n, se plantear\u00e1n preguntas sobre capacidad de adaptaci\u00f3n, resoluci\u00f3n de desaf\u00edos, experiencia previa en contextos internacionales o interculturales, y motivaci\u00f3n para participar en el programa.<\/span><\/li>\n<\/ol>\n<p><strong><span style=\"font-family: Arial, sans-serif\">Plazo y lugar de presentaci\u00f3n de solicitudes:<\/span><\/strong><span style=\"font-family: Arial, sans-serif\"><br \/>\nLas solicitudes se presentar\u00e1n a trav\u00e9s del correo electr\u00f3nico\u00a0<\/span><a href=\"mailto:erasmus.ies.lacabrera@educa.madrid.org\"><span style=\"font-family: Arial, sans-serif\">erasmus.ies.lacabrera@educa.madrid.org<\/span><\/a><span style=\"font-family: Arial, sans-serif\">\u00a0 antes del 15 de septiembre de 2026. Junto a la solicitud, se adjuntar\u00e1 una breve carta de motivaci\u00f3n.<\/span><\/p>\n<p><strong><span style=\"font-family: Arial, sans-serif\">Calendario de entrevistas:<\/span><\/strong><span style=\"font-family: Arial, sans-serif\"><br \/>\nLas entrevistas se realizar\u00e1n durante la semana del 14 al 20 de septiembre de 2026 y el resultado se publicar\u00e1 en el tabl\u00f3n de anuncios del centro antes del 21 de septiembre de 2026.<\/span><\/p>\n<p><span style=\"font-family: Arial, sans-serif\">Para cualquier duda, los interesados pueden dirigirse a la direcci\u00f3n de correo mencionada, o a trav\u00e9s de cualquier integrante de la Comisi\u00f3n Erasmus del centro.<\/span><\/p>\n<p><span style=\"font-family: Arial, sans-serif\">Animaos a participar. Es una oportunidad \u00fanica para crecer personal y acad\u00e9micamente, conocer una nueva cultura y mejorar vuestras competencias ling\u00fc\u00edsticas.<\/span><\/p>\n<p><strong><span style=\"font-family: Arial, sans-serif\">Comisi\u00f3n Erasmus IES La Cabrera.<\/span><\/strong><\/p>\n","protected":false},"excerpt":{"rendered":"<p>El IES La Cabrera convoca al alumnado de 1\u00ba de Bachillerato a participar en un programa de intercambio de larga duraci\u00f3n con el Liceo Statale Rinaldo Corso\u00a0de Correggio (Italia), en el marco del proyecto de internacionalizaci\u00f3n y fomento de lenguas extranjeras de nuestro centro. Plazas ofertadas: 3 plazas para alumnado de 1\u00ba de Bachillerato (de [&hellip;]<\/p>\n","protected":false},"author":103,"featured_media":11157,"comment_status":"open","ping_status":"open","sticky":false,"template":"","format":"standard","meta":{"footnotes":""},"categories":[1],"tags":[152],"post_folder":[],"class_list":["post-11263","post","type-post","status-publish","format-standard","has-post-thumbnail","hentry","category-sin-categoria","tag-erasmus"],"rttpg_featured_image_url":{"full":["https:\/\/site.educa.madrid.org\/ies.lacabrera\/\/wp-content\/uploads\/ies.lacabrera\/2026\/07\/imagen_2024-10-14_104513341.png",1200,840,false],"landscape":["https:\/\/site.educa.madrid.org\/ies.lacabrera\/\/wp-content\/uploads\/ies.lacabrera\/2026\/07\/imagen_2024-10-14_104513341.png",1200,840,false],"portraits":["https:\/\/site.educa.madrid.org\/ies.lacabrera\/\/wp-content\/uploads\/ies.lacabrera\/2026\/07\/imagen_2024-10-14_104513341.png",1200,840,false],"thumbnail":["https:\/\/site.educa.madrid.org\/ies.lacabrera\/\/wp-content\/uploads\/ies.lacabrera\/2026\/07\/imagen_2024-10-14_104513341-150x150.png",150,150,true],"medium":["https:\/\/site.educa.madrid.org\/ies.lacabrera\/\/wp-content\/uploads\/ies.lacabrera\/2026\/07\/imagen_2024-10-14_104513341-300x210.png",300,210,true],"large":["https:\/\/site.educa.madrid.org\/ies.lacabrera\/\/wp-content\/uploads\/ies.lacabrera\/2026\/07\/imagen_2024-10-14_104513341-1024x717.png",640,448,true],"thumblist":["https:\/\/site.educa.madrid.org\/ies.lacabrera\/\/wp-content\/uploads\/ies.lacabrera\/2026\/07\/imagen_2024-10-14_104513341-300x300.png",300,300,true],"thumbrelated":["https:\/\/site.educa.madrid.org\/ies.lacabrera\/\/wp-content\/uploads\/ies.lacabrera\/2026\/07\/imagen_2024-10-14_104513341-500x500.png",500,500,true],"meccarouselthumb":["https:\/\/site.educa.madrid.org\/ies.lacabrera\/\/wp-content\/uploads\/ies.lacabrera\/2026\/07\/imagen_2024-10-14_104513341-474x324.png",474,324,true],"gridsquare":["https:\/\/site.educa.madrid.org\/ies.lacabrera\/\/wp-content\/uploads\/ies.lacabrera\/2026\/07\/imagen_2024-10-14_104513341-391x260.png",391,260,true],"tileview":["https:\/\/site.educa.madrid.org\/ies.lacabrera\/\/wp-content\/uploads\/ies.lacabrera\/2026\/07\/imagen_2024-10-14_104513341-300x400.png",300,400,true],"1536x1536":["https:\/\/site.educa.madrid.org\/ies.lacabrera\/\/wp-content\/uploads\/ies.lacabrera\/2026\/07\/imagen_2024-10-14_104513341.png",1200,840,false],"2048x2048":["https:\/\/site.educa.madrid.org\/ies.lacabrera\/\/wp-content\/uploads\/ies.lacabrera\/2026\/07\/imagen_2024-10-14_104513341.png",1200,840,false],"total-portfolio-thumb":["https:\/\/site.educa.madrid.org\/ies.lacabrera\/\/wp-content\/uploads\/ies.lacabrera\/2026\/07\/imagen_2024-10-14_104513341-400x400.png",400,400,true],"total-team-thumb":["https:\/\/site.educa.madrid.org\/ies.lacabrera\/\/wp-content\/uploads\/ies.lacabrera\/2026\/07\/imagen_2024-10-14_104513341-350x420.png",350,420,true],"total-blog-thumb":["https:\/\/site.educa.madrid.org\/ies.lacabrera\/\/wp-content\/uploads\/ies.lacabrera\/2026\/07\/imagen_2024-10-14_104513341-400x280.png",400,280,true],"total-thumb":["https:\/\/site.educa.madrid.org\/ies.lacabrera\/\/wp-content\/uploads\/ies.lacabrera\/2026\/07\/imagen_2024-10-14_104513341-100x100.png",100,100,true],"total-blog-header":["https:\/\/site.educa.madrid.org\/ies.lacabrera\/\/wp-content\/uploads\/ies.lacabrera\/2026\/07\/imagen_2024-10-14_104513341-720x360.png",720,360,true],"sow-carousel-default":["https:\/\/site.educa.madrid.org\/ies.lacabrera\/\/wp-content\/uploads\/ies.lacabrera\/2026\/07\/imagen_2024-10-14_104513341-272x182.png",272,182,true],"sow-post-carousel-overlay-theme":["https:\/\/site.educa.madrid.org\/ies.lacabrera\/\/wp-content\/uploads\/ies.lacabrera\/2026\/07\/imagen_2024-10-14_104513341-360x476.png",360,476,true],"sow-post-carousel-cards-theme":["https:\/\/site.educa.madrid.org\/ies.lacabrera\/\/wp-content\/uploads\/ies.lacabrera\/2026\/07\/imagen_2024-10-14_104513341-360x240.png",360,240,true],"rt_custom":["https:\/\/site.educa.madrid.org\/ies.lacabrera\/\/wp-content\/uploads\/ies.lacabrera\/2026\/07\/imagen_2024-10-14_104513341.png",1200,840,false]},"rttpg_author":{"display_name":"Cuenta Erasmus ies lacabrera","author_link":"https:\/\/site.educa.madrid.org\/ies.lacabrera\/index.php\/author\/cuenta_erasmus-ies-lacabrera\/"},"rttpg_comment":0,"rttpg_category":"<a href=\"https:\/\/site.educa.madrid.org\/ies.lacabrera\/index.php\/category\/noticias\/sin-categoria\/\" rel=\"category tag\">biblioteca tutorizada<\/a>","rttpg_excerpt":"El IES La Cabrera convoca al alumnado de 1\u00ba de Bachillerato a participar en un programa de intercambio de larga duraci\u00f3n con el Liceo Statale Rinaldo Corso\u00a0de Correggio (Italia), en el marco del proyecto de internacionalizaci\u00f3n y fomento de lenguas extranjeras de nuestro centro. Plazas ofertadas: 3 plazas para alumnado de 1\u00ba de Bachillerato (de&hellip;","post_mailing_queue_ids":[],"_links":{"self":[{"href":"https:\/\/site.educa.madrid.org\/ies.lacabrera\/index.php\/wp-json\/wp\/v2\/posts\/11263","targetHints":{"allow":["GET"]}}],"collection":[{"href":"https:\/\/site.educa.madrid.org\/ies.lacabrera\/index.php\/wp-json\/wp\/v2\/posts"}],"about":[{"href":"https:\/\/site.educa.madrid.org\/ies.lacabrera\/index.php\/wp-json\/wp\/v2\/types\/post"}],"author":[{"embeddable":true,"href":"https:\/\/site.educa.madrid.org\/ies.lacabrera\/index.php\/wp-json\/wp\/v2\/users\/103"}],"replies":[{"embeddable":true,"href":"https:\/\/site.educa.madrid.org\/ies.lacabrera\/index.php\/wp-json\/wp\/v2\/comments?post=11263"}],"version-history":[{"count":1,"href":"https:\/\/site.educa.madrid.org\/ies.lacabrera\/index.php\/wp-json\/wp\/v2\/posts\/11263\/revisions"}],"predecessor-version":[{"id":11264,"href":"https:\/\/site.educa.madrid.org\/ies.lacabrera\/index.php\/wp-json\/wp\/v2\/posts\/11263\/revisions\/11264"}],"wp:featuredmedia":[{"embeddable":true,"href":"https:\/\/site.educa.madrid.org\/ies.lacabrera\/index.php\/wp-json\/wp\/v2\/media\/11157"}],"wp:attachment":[{"href":"https:\/\/site.educa.madrid.org\/ies.lacabrera\/index.php\/wp-json\/wp\/v2\/media?parent=11263"}],"wp:term":[{"taxonomy":"category","embeddable":true,"href":"https:\/\/site.educa.madrid.org\/ies.lacabrera\/index.php\/wp-json\/wp\/v2\/categories?post=11263"},{"taxonomy":"post_tag","embeddable":true,"href":"https:\/\/site.educa.madrid.org\/ies.lacabrera\/index.php\/wp-json\/wp\/v2\/tags?post=11263"},{"taxonomy":"post_folder","embeddable":true,"href":"https:\/\/site.educa.madrid.org\/ies.lacabrera\/index.php\/wp-json\/wp\/v2\/post_folder?post=11263"}],"curies":[{"name":"wp","href":"https:\/\/api.w.org\/{rel}","templated":true}]}}