{"id":2513,"date":"2026-08-31T13:37:25","date_gmt":"2026-08-31T11:37:25","guid":{"rendered":"https:\/\/site.educa.madrid.org\/ies.lasmusas.madrid\/?p=2513"},"modified":"2026-08-31T13:55:23","modified_gmt":"2026-08-31T11:55:23","slug":"calendario-de-inicio-de-curso","status":"publish","type":"post","link":"https:\/\/site.educa.madrid.org\/ies.lasmusas.madrid\/index.php\/2026\/08\/31\/calendario-de-inicio-de-curso\/","title":{"rendered":"Calendario de inicio de curso"},"content":{"rendered":"\n<p>Se detalla a continuaci\u00f3n el calendario previsto de inicio de curso.<\/p>\n\n\n\n<p>Los listados de alumnado con indicaci\u00f3n del grupo y aula de referencia estar\u00e1n disponibles media hora antes de cada presentaci\u00f3n en la puerta del Aula de Emprendimiento.<\/p>\n\n\n\n<ul class=\"wp-block-list\">\n<li><strong><mark style=\"background-color:rgba(0, 0, 0, 0)\" class=\"has-inline-color has-global-color-2-color\">Martes 8 de septiembre<\/mark><\/strong>:\n<ul class=\"wp-block-list\">\n<li><strong>De 11 a 13 horas<\/strong>, presentaci\u00f3n para el alumnado de 1\u00ba de ESO, en las pistas deportivas. El alumnado debe traer bol\u00edgrafo y papel para apuntar y almuerzo.<\/li>\n<\/ul>\n<\/li>\n<\/ul>\n\n\n\n<p><\/p>\n\n\n\n<ul class=\"wp-block-list\">\n<li><strong><mark style=\"background-color:rgba(0, 0, 0, 0)\" class=\"has-inline-color has-global-color-2-color\">Mi\u00e9rcoles 9 de septiembre<\/mark><\/strong>:\n<ul class=\"wp-block-list\">\n<li>El alumnado de 1\u00ba de ESO tendr\u00e1 clase seg\u00fan el horario lectivo, a partir de las 8:15 horas.<\/li>\n\n\n\n<li>A las <strong>10 horas<\/strong>, presentaci\u00f3n para el alumnado de:\n<ul class=\"wp-block-list\">\n<li>2\u00ba de ESO, cada grupo en su aula de referencia.<\/li>\n\n\n\n<li>1\u00ba de Bachillerato, en las pistas deportivas.<\/li>\n<\/ul>\n<\/li>\n\n\n\n<li>A las <strong>11:30 horas<\/strong>, presentaci\u00f3n para el alumnado de 3\u00ba de ESO, 1\u00ba de Programa de Diversificaci\u00f3n Curricular y 2\u00ba de Bachillerato, cada grupo en su aula de referencia.<\/li>\n\n\n\n<li>A las <strong>12 horas<\/strong>, presentaci\u00f3n para el alumnado de 4\u00ba de ESO y 2\u00ba de Programa de Diversificaci\u00f3n Curricular, cada grupo en su aula de referencia.<\/li>\n<\/ul>\n<\/li>\n<\/ul>\n\n\n\n<p><\/p>\n\n\n\n<ul class=\"wp-block-list\">\n<li><strong><mark style=\"background-color:rgba(0, 0, 0, 0)\" class=\"has-inline-color has-global-color-2-color\">Jueves 10 de septiembre<\/mark><\/strong>:\n<ul class=\"wp-block-list\">\n<li>El alumnado de ESO, Bachillerato y PDC tendr\u00e1 clase seg\u00fan el horario lectivo, a partir de las 8:15 horas.<\/li>\n\n\n\n<li>A las <strong>12:30 horas<\/strong>, presentaci\u00f3n para el alumnado de ciclos formativos de grado medio del turno diurno:\n<ul class=\"wp-block-list\">\n<li>El alumnado de primer curso, en las pistas deportivas.<\/li>\n\n\n\n<li>El alumnado de segundo curso, cada grupo en su aula de referencia:\n<ul class=\"wp-block-list\">\n<li>2\u00ba de Gesti\u00f3n administrativa, aula 4A15.<\/li>\n\n\n\n<li>2\u00ba de Farmacia y parafarmacia diurno, aula 3A05.<\/li>\n<\/ul>\n<\/li>\n<\/ul>\n<\/li>\n\n\n\n<li>A las <strong>13:30 horas<\/strong>, presentaci\u00f3n para el alumnado de ciclos formativos de grado superior del turno diurno:\n<ul class=\"wp-block-list\">\n<li>El alumnado de primer curso, en las pistas deportivas.<\/li>\n\n\n\n<li>El alumnado de segundo curso, cada grupo en su aula de referencia:\n<ul class=\"wp-block-list\">\n<li>2\u00ba de Administraci\u00f3n y finanzas, aula 4A14.<\/li>\n\n\n\n<li>2\u00ba A de Laboratorio cl\u00ednico y biom\u00e9dico, aula 3A01.<\/li>\n\n\n\n<li>2\u00ba B de Laboratorio cl\u00ednico y biom\u00e9dico, aula 3A02.<\/li>\n\n\n\n<li>2\u00ba de Higiene bucodental, aula 4A12.<\/li>\n<\/ul>\n<\/li>\n<\/ul>\n<\/li>\n\n\n\n<li>A las<strong> 14:30 horas<\/strong>, presentaci\u00f3n para el alumnado de ciclos formativos del turno vespertino:\n<ul class=\"wp-block-list\">\n<li>El alumnado de primer curso, en las pistas deportivas.<\/li>\n\n\n\n<li>El alumnado de segundo curso, cada grupo en su aula de referencia:\n<ul class=\"wp-block-list\">\n<li>2\u00ba de Farmacia y parafarmacia vespertino, aula 3A05.<\/li>\n\n\n\n<li>2\u00ba de Higiene bucodental, aula 4A06.<\/li>\n\n\n\n<li>2\u00ba V de Laboratorio cl\u00ednico y biom\u00e9dico, aula 3A01.<\/li>\n\n\n\n<li>2\u00ba W de Laboratorio cl\u00ednico y biom\u00e9dico, aula 3A02.<\/li>\n<\/ul>\n<\/li>\n<\/ul>\n<\/li>\n<\/ul>\n<\/li>\n<\/ul>\n\n\n\n<p><\/p>\n","protected":false},"excerpt":{"rendered":"<p>Se detalla a continuaci\u00f3n el calendario previsto de inicio de curso. Los listados de alumnado con indicaci\u00f3n del grupo y aula de [&hellip;]<\/p>\n","protected":false},"author":8,"featured_media":2515,"comment_status":"closed","ping_status":"open","sticky":false,"template":"","format":"standard","meta":{"footnotes":""},"categories":[1],"tags":[],"post_folder":[],"class_list":["post-2513","post","type-post","status-publish","format-standard","has-post-thumbnail","hentry","category-sin-categoria"],"rttpg_featured_image_url":{"full":["https:\/\/site.educa.madrid.org\/ies.lasmusas.madrid\/\/wp-content\/uploads\/ies.lasmusas.madrid\/2026\/08\/InicioCurso26.png",1254,1254,false],"landscape":["https:\/\/site.educa.madrid.org\/ies.lasmusas.madrid\/\/wp-content\/uploads\/ies.lasmusas.madrid\/2026\/08\/InicioCurso26.png",1254,1254,false],"portraits":["https:\/\/site.educa.madrid.org\/ies.lasmusas.madrid\/\/wp-content\/uploads\/ies.lasmusas.madrid\/2026\/08\/InicioCurso26.png",1254,1254,false],"thumbnail":["https:\/\/site.educa.madrid.org\/ies.lasmusas.madrid\/\/wp-content\/uploads\/ies.lasmusas.madrid\/2026\/08\/InicioCurso26-150x150.png",150,150,true],"medium":["https:\/\/site.educa.madrid.org\/ies.lasmusas.madrid\/\/wp-content\/uploads\/ies.lasmusas.madrid\/2026\/08\/InicioCurso26-300x300.png",300,300,true],"large":["https:\/\/site.educa.madrid.org\/ies.lasmusas.madrid\/\/wp-content\/uploads\/ies.lasmusas.madrid\/2026\/08\/InicioCurso26-1024x1024.png",1024,1024,true],"thumblist":["https:\/\/site.educa.madrid.org\/ies.lasmusas.madrid\/\/wp-content\/uploads\/ies.lasmusas.madrid\/2026\/08\/InicioCurso26-300x300.png",300,300,true],"thumbrelated":["https:\/\/site.educa.madrid.org\/ies.lasmusas.madrid\/\/wp-content\/uploads\/ies.lasmusas.madrid\/2026\/08\/InicioCurso26-500x500.png",500,500,true],"meccarouselthumb":["https:\/\/site.educa.madrid.org\/ies.lasmusas.madrid\/\/wp-content\/uploads\/ies.lasmusas.madrid\/2026\/08\/InicioCurso26-474x324.png",474,324,true],"gridsquare":["https:\/\/site.educa.madrid.org\/ies.lasmusas.madrid\/\/wp-content\/uploads\/ies.lasmusas.madrid\/2026\/08\/InicioCurso26-391x260.png",391,260,true],"tileview":["https:\/\/site.educa.madrid.org\/ies.lasmusas.madrid\/\/wp-content\/uploads\/ies.lasmusas.madrid\/2026\/08\/InicioCurso26-300x400.png",300,400,true],"1536x1536":["https:\/\/site.educa.madrid.org\/ies.lasmusas.madrid\/\/wp-content\/uploads\/ies.lasmusas.madrid\/2026\/08\/InicioCurso26.png",1254,1254,false],"2048x2048":["https:\/\/site.educa.madrid.org\/ies.lasmusas.madrid\/\/wp-content\/uploads\/ies.lasmusas.madrid\/2026\/08\/InicioCurso26.png",1254,1254,false],"sydney-large-thumb":["https:\/\/site.educa.madrid.org\/ies.lasmusas.madrid\/\/wp-content\/uploads\/ies.lasmusas.madrid\/2026\/08\/InicioCurso26-1000x1000.png",1000,1000,true],"sydney-medium-thumb":["https:\/\/site.educa.madrid.org\/ies.lasmusas.madrid\/\/wp-content\/uploads\/ies.lasmusas.madrid\/2026\/08\/InicioCurso26-550x400.png",550,400,true],"sydney-small-thumb":["https:\/\/site.educa.madrid.org\/ies.lasmusas.madrid\/\/wp-content\/uploads\/ies.lasmusas.madrid\/2026\/08\/InicioCurso26-230x230.png",230,230,true],"sydney-service-thumb":["https:\/\/site.educa.madrid.org\/ies.lasmusas.madrid\/\/wp-content\/uploads\/ies.lasmusas.madrid\/2026\/08\/InicioCurso26-350x350.png",350,350,true],"sydney-mas-thumb":["https:\/\/site.educa.madrid.org\/ies.lasmusas.madrid\/\/wp-content\/uploads\/ies.lasmusas.madrid\/2026\/08\/InicioCurso26-480x480.png",480,480,true],"sow-carousel-default":["https:\/\/site.educa.madrid.org\/ies.lasmusas.madrid\/\/wp-content\/uploads\/ies.lasmusas.madrid\/2026\/08\/InicioCurso26-272x182.png",272,182,true],"sow-post-carousel-overlay-theme":["https:\/\/site.educa.madrid.org\/ies.lasmusas.madrid\/\/wp-content\/uploads\/ies.lasmusas.madrid\/2026\/08\/InicioCurso26-360x476.png",360,476,true],"sow-post-carousel-cards-theme":["https:\/\/site.educa.madrid.org\/ies.lasmusas.madrid\/\/wp-content\/uploads\/ies.lasmusas.madrid\/2026\/08\/InicioCurso26-360x240.png",360,240,true],"rt_custom":["https:\/\/site.educa.madrid.org\/ies.lasmusas.madrid\/\/wp-content\/uploads\/ies.lasmusas.madrid\/2026\/08\/InicioCurso26.png",1254,1254,false]},"rttpg_author":{"display_name":"V\u00edctor Barbero Romero","author_link":"https:\/\/site.educa.madrid.org\/ies.lasmusas.madrid\/index.php\/author\/victor_barbero-romero\/"},"rttpg_comment":0,"rttpg_category":"<a href=\"https:\/\/site.educa.madrid.org\/ies.lasmusas.madrid\/index.php\/category\/sin-categoria\/\" rel=\"category tag\">Sin categor\u00eda<\/a>","rttpg_excerpt":"Se detalla a continuaci\u00f3n el calendario previsto de inicio de curso. Los listados de alumnado con indicaci\u00f3n del grupo y aula de [&hellip;]","post_mailing_queue_ids":[],"_links":{"self":[{"href":"https:\/\/site.educa.madrid.org\/ies.lasmusas.madrid\/index.php\/wp-json\/wp\/v2\/posts\/2513","targetHints":{"allow":["GET"]}}],"collection":[{"href":"https:\/\/site.educa.madrid.org\/ies.lasmusas.madrid\/index.php\/wp-json\/wp\/v2\/posts"}],"about":[{"href":"https:\/\/site.educa.madrid.org\/ies.lasmusas.madrid\/index.php\/wp-json\/wp\/v2\/types\/post"}],"author":[{"embeddable":true,"href":"https:\/\/site.educa.madrid.org\/ies.lasmusas.madrid\/index.php\/wp-json\/wp\/v2\/users\/8"}],"replies":[{"embeddable":true,"href":"https:\/\/site.educa.madrid.org\/ies.lasmusas.madrid\/index.php\/wp-json\/wp\/v2\/comments?post=2513"}],"version-history":[{"count":5,"href":"https:\/\/site.educa.madrid.org\/ies.lasmusas.madrid\/index.php\/wp-json\/wp\/v2\/posts\/2513\/revisions"}],"predecessor-version":[{"id":2522,"href":"https:\/\/site.educa.madrid.org\/ies.lasmusas.madrid\/index.php\/wp-json\/wp\/v2\/posts\/2513\/revisions\/2522"}],"wp:featuredmedia":[{"embeddable":true,"href":"https:\/\/site.educa.madrid.org\/ies.lasmusas.madrid\/index.php\/wp-json\/wp\/v2\/media\/2515"}],"wp:attachment":[{"href":"https:\/\/site.educa.madrid.org\/ies.lasmusas.madrid\/index.php\/wp-json\/wp\/v2\/media?parent=2513"}],"wp:term":[{"taxonomy":"category","embeddable":true,"href":"https:\/\/site.educa.madrid.org\/ies.lasmusas.madrid\/index.php\/wp-json\/wp\/v2\/categories?post=2513"},{"taxonomy":"post_tag","embeddable":true,"href":"https:\/\/site.educa.madrid.org\/ies.lasmusas.madrid\/index.php\/wp-json\/wp\/v2\/tags?post=2513"},{"taxonomy":"post_folder","embeddable":true,"href":"https:\/\/site.educa.madrid.org\/ies.lasmusas.madrid\/index.php\/wp-json\/wp\/v2\/post_folder?post=2513"}],"curies":[{"name":"wp","href":"https:\/\/api.w.org\/{rel}","templated":true}]}}