{"id":8979,"date":"2026-08-28T14:37:48","date_gmt":"2026-08-28T12:37:48","guid":{"rendered":"https:\/\/site.educa.madrid.org\/ies.mirasierra.madrid\/?p=8979"},"modified":"2026-08-28T14:37:57","modified_gmt":"2026-08-28T12:37:57","slug":"publicacion-listados-provisionales-beca-seop-2026_2027","status":"publish","type":"post","link":"https:\/\/site.educa.madrid.org\/ies.mirasierra.madrid\/index.php\/2026\/08\/28\/publicacion-listados-provisionales-beca-seop-2026_2027\/","title":{"rendered":"Publicaci\u00f3n Listados Provisionales beca SEOP 2026_2027"},"content":{"rendered":"<p><img loading=\"lazy\" decoding=\"async\" class=\"aligncenter\" src=\"https:\/\/site.educa.madrid.org\/ies.mirasierra.madrid\/\/wp-content\/uploads\/ies.mirasierra.madrid\/2020\/11\/Mirasierra-logo.png\" width=\"474\" height=\"448\" \/><\/p>\n<p>Les informamos que hoy 28 de agosto se han publicado los LISTADOS PROVISIONALES de la<b>\u00a0<\/b>beca para el estudio de Programas de Segunda Oportunidad convocatoria 2026\/2027. Puede acceder a la informaci\u00f3n de las becas a trav\u00e9s del siguiente enlace\u00a0<a href=\"https:\/\/urldefense.com\/v3\/__https:\/\/sede.comunidad.madrid\/ayudas-becas-subvenciones\/becas-segunda-oportunidad-2026-2027__;!!D9dNQwwGXtA!SIHUSLX59PMNn4MoeuVKZz6X71Uz_5CzrKrJCLV55OzgHYyAD7F-7hLRkRRzeVxemYzQosS5ZUEY8_092O12tYvAVSkiwFE$\" target=\"_blank\" rel=\"noopener noreferrer\">Becas Segunda Oportunidad (2026-2027) | Comunidad de Madrid<\/a><b>.\u00a0<\/b>Se solicita que se lo comuniquen a los alumnos de su centro, aunque si los alumnos han indicado en su solicitud un n\u00famero de tel\u00e9fono m\u00f3vil y\/o una direcci\u00f3n de correo electr\u00f3nico correctos y legibles, les enviar\u00e1n un SMS informando de que la solicitud ha quedado como presentada o excluida.<\/p>\n<p>&nbsp;<\/p>\n<p>El plazo para presentar la solicitud de subsanaci\u00f3n y la documentaci\u00f3n requerida ser\u00e1 de diez d\u00edas h\u00e1biles, a contar desde el d\u00eda siguiente de la publicaci\u00f3n de los listados provisionales, es decir, desde el lunes 31 de agosto hasta el viernes 11 de septiembre de 2026 ambos inclusive.<\/p>\n<p>&nbsp;<\/p>\n<p>Los centros podr\u00e1n ver a los alumnos que han solicitado la beca para el estudio de Programas de segunda Oportunidad\u00a0a trav\u00e9s de SICEP.<\/p>\n<p>&nbsp;<\/p>\n<p>Se adjuntan las preguntas m\u00e1s frecuentes donde le resolver\u00e1n dudas y \u00a0adem\u00e1s, se adjunta para que informen a los alumnos de su centro, \u00a0el \u201cAnexo I certificado de matriculaci\u00f3n, coste del curso y compromiso de colaboraci\u00f3n, beca para el estudio de Programas de Segunda Oportunidad\u201d que deber\u00e1n presentar los alumnos debidamente cumplimentado, firmado y sellado por el centro junto al escrito de subsanaci\u00f3n,\u00a0 en el supuesto de que la causa de exclusi\u00f3n est\u00e9 relacionada con lo dispuesto en dicho Anexo I.<\/p>\n<p>Archivos adjuntos:<\/p>\n<p><a href=\"https:\/\/site.educa.madrid.org\/ies.mirasierra.madrid\/\/wp-content\/uploads\/ies.mirasierra.madrid\/2026\/08\/Preguntas-frecuentes-Subsanacion-SEOP-2026-2027.pdf\">Preguntas frecuentes Subsanaci\u00f3n SEOP 2026-2027<\/a><\/p>\n<p><a href=\"https:\/\/site.educa.madrid.org\/ies.mirasierra.madrid\/\/wp-content\/uploads\/ies.mirasierra.madrid\/2026\/08\/1965FO2_26.pdf\">1965FO2_26<\/a><\/p>\n","protected":false},"excerpt":{"rendered":"<p>Les informamos que hoy 28 de agosto se han publicado los LISTADOS PROVISIONALES de la\u00a0beca para el estudio de Programas de Segunda Oportunidad convocatoria 2026\/2027. Puede acceder a la informaci\u00f3n &#8230;<\/p>\n","protected":false},"author":2,"featured_media":0,"comment_status":"closed","ping_status":"closed","sticky":false,"template":"","format":"standard","meta":{"footnotes":""},"categories":[1],"tags":[],"post_folder":[],"class_list":["post-8979","post","type-post","status-publish","format-standard","hentry","category-sin-categoria"],"rttpg_featured_image_url":null,"rttpg_author":{"display_name":"tic.ies.mirasierra.madrid","author_link":"https:\/\/site.educa.madrid.org\/ies.mirasierra.madrid\/index.php\/author\/cuenta_tic-ies-mirasierra-madrid\/"},"rttpg_comment":0,"rttpg_category":"<a href=\"https:\/\/site.educa.madrid.org\/ies.mirasierra.madrid\/index.php\/category\/sin-categoria\/\" rel=\"category tag\">Sin categor\u00eda<\/a>","rttpg_excerpt":"Les informamos que hoy 28 de agosto se han publicado los LISTADOS PROVISIONALES de la\u00a0beca para el estudio de Programas de Segunda Oportunidad convocatoria 2026\/2027. Puede acceder a la informaci\u00f3n ...","post_mailing_queue_ids":[],"_links":{"self":[{"href":"https:\/\/site.educa.madrid.org\/ies.mirasierra.madrid\/index.php\/wp-json\/wp\/v2\/posts\/8979","targetHints":{"allow":["GET"]}}],"collection":[{"href":"https:\/\/site.educa.madrid.org\/ies.mirasierra.madrid\/index.php\/wp-json\/wp\/v2\/posts"}],"about":[{"href":"https:\/\/site.educa.madrid.org\/ies.mirasierra.madrid\/index.php\/wp-json\/wp\/v2\/types\/post"}],"author":[{"embeddable":true,"href":"https:\/\/site.educa.madrid.org\/ies.mirasierra.madrid\/index.php\/wp-json\/wp\/v2\/users\/2"}],"replies":[{"embeddable":true,"href":"https:\/\/site.educa.madrid.org\/ies.mirasierra.madrid\/index.php\/wp-json\/wp\/v2\/comments?post=8979"}],"version-history":[{"count":1,"href":"https:\/\/site.educa.madrid.org\/ies.mirasierra.madrid\/index.php\/wp-json\/wp\/v2\/posts\/8979\/revisions"}],"predecessor-version":[{"id":8982,"href":"https:\/\/site.educa.madrid.org\/ies.mirasierra.madrid\/index.php\/wp-json\/wp\/v2\/posts\/8979\/revisions\/8982"}],"wp:attachment":[{"href":"https:\/\/site.educa.madrid.org\/ies.mirasierra.madrid\/index.php\/wp-json\/wp\/v2\/media?parent=8979"}],"wp:term":[{"taxonomy":"category","embeddable":true,"href":"https:\/\/site.educa.madrid.org\/ies.mirasierra.madrid\/index.php\/wp-json\/wp\/v2\/categories?post=8979"},{"taxonomy":"post_tag","embeddable":true,"href":"https:\/\/site.educa.madrid.org\/ies.mirasierra.madrid\/index.php\/wp-json\/wp\/v2\/tags?post=8979"},{"taxonomy":"post_folder","embeddable":true,"href":"https:\/\/site.educa.madrid.org\/ies.mirasierra.madrid\/index.php\/wp-json\/wp\/v2\/post_folder?post=8979"}],"curies":[{"name":"wp","href":"https:\/\/api.w.org\/{rel}","templated":true}]}}