{"id":8983,"date":"2026-09-01T10:13:13","date_gmt":"2026-09-01T08:13:13","guid":{"rendered":"https:\/\/site.educa.madrid.org\/ies.mirasierra.madrid\/?p=8983"},"modified":"2026-09-01T10:14:27","modified_gmt":"2026-09-01T08:14:27","slug":"procedimiento-de-licitacion-para-la-adjudicacion-del-servicio-de-cafeteria-en-el-i-e-s-mirasierra-4","status":"publish","type":"post","link":"https:\/\/site.educa.madrid.org\/ies.mirasierra.madrid\/index.php\/2026\/09\/01\/procedimiento-de-licitacion-para-la-adjudicacion-del-servicio-de-cafeteria-en-el-i-e-s-mirasierra-4\/","title":{"rendered":"Procedimiento de licitaci\u00f3n para la adjudicaci\u00f3n del servicio de Cafeter\u00eda en el I.E.S. Mirasierra."},"content":{"rendered":"<div class=\"wp-block-image\">\n<figure class=\"aligncenter size-large is-resized\"><img loading=\"lazy\" decoding=\"async\" width=\"1024\" height=\"768\" src=\"https:\/\/site.educa.madrid.org\/ies.mirasierra.madrid\/\/wp-content\/uploads\/ies.mirasierra.madrid\/2025\/09\/fondo_cafeteria-1024x768.jpeg\" alt=\"\" class=\"wp-image-8086\" style=\"width:365px;height:auto\" srcset=\"https:\/\/site.educa.madrid.org\/ies.mirasierra.madrid\/\/wp-content\/uploads\/ies.mirasierra.madrid\/2025\/09\/fondo_cafeteria-1024x768.jpeg 1024w, https:\/\/site.educa.madrid.org\/ies.mirasierra.madrid\/\/wp-content\/uploads\/ies.mirasierra.madrid\/2025\/09\/fondo_cafeteria-300x225.jpeg 300w, https:\/\/site.educa.madrid.org\/ies.mirasierra.madrid\/\/wp-content\/uploads\/ies.mirasierra.madrid\/2025\/09\/fondo_cafeteria-768x576.jpeg 768w, https:\/\/site.educa.madrid.org\/ies.mirasierra.madrid\/\/wp-content\/uploads\/ies.mirasierra.madrid\/2025\/09\/fondo_cafeteria-1536x1152.jpeg 1536w, https:\/\/site.educa.madrid.org\/ies.mirasierra.madrid\/\/wp-content\/uploads\/ies.mirasierra.madrid\/2025\/09\/fondo_cafeteria.jpeg 1600w\" sizes=\"auto, (max-width: 1024px) 100vw, 1024px\" \/><\/figure>\n<\/div>\n\n\n<div style=\"height:31px\" aria-hidden=\"true\" class=\"wp-block-spacer\"><\/div>\n\n\n\n<p class=\"has-medium-font-size\"><strong>Publicaci\u00f3n definitiva de candidatos admitidos.<\/strong><\/p>\n\n\n\n<p><\/p>\n\n\n\n<p>De conformidad con el calendario del procedimiento, se hace p\u00fablica la relaci\u00f3n <strong>definitiva<\/strong> de candidatos admitidos en el procedimiento de licitaci\u00f3n.<\/p>\n\n\n\n<p><strong>CANDIDATOS ADMITIDOS:<\/strong><\/p>\n\n\n\n<ul class=\"wp-block-list\">\n<li>COMEDORES BLANCO S.L.<\/li>\n<\/ul>\n\n\n\n<p><strong>Publicaci\u00f3n del resultado de la adjudicaci\u00f3n del servicio: <\/strong>En la primera quincena del mes de septiembre se har\u00e1 p\u00fablica, a trav\u00e9s de la web del centro, la identidad del candidato que haya sido seleccionado<\/p>\n","protected":false},"excerpt":{"rendered":"<p>Publicaci\u00f3n definitiva de candidatos admitidos. De conformidad con el calendario del procedimiento, se hace p\u00fablica la relaci\u00f3n definitiva de candidatos admitidos en el procedimiento de licitaci\u00f3n. CANDIDATOS ADMITIDOS: Publicaci\u00f3n del &#8230;<\/p>\n","protected":false},"author":2,"featured_media":0,"comment_status":"closed","ping_status":"closed","sticky":false,"template":"","format":"standard","meta":{"footnotes":""},"categories":[1],"tags":[],"post_folder":[],"class_list":["post-8983","post","type-post","status-publish","format-standard","hentry","category-sin-categoria"],"rttpg_featured_image_url":null,"rttpg_author":{"display_name":"tic.ies.mirasierra.madrid","author_link":"https:\/\/site.educa.madrid.org\/ies.mirasierra.madrid\/index.php\/author\/cuenta_tic-ies-mirasierra-madrid\/"},"rttpg_comment":0,"rttpg_category":"<a href=\"https:\/\/site.educa.madrid.org\/ies.mirasierra.madrid\/index.php\/category\/sin-categoria\/\" rel=\"category tag\">Sin categor\u00eda<\/a>","rttpg_excerpt":"Publicaci\u00f3n definitiva de candidatos admitidos. De conformidad con el calendario del procedimiento, se hace p\u00fablica la relaci\u00f3n definitiva de candidatos admitidos en el procedimiento de licitaci\u00f3n. CANDIDATOS ADMITIDOS: Publicaci\u00f3n del ...","post_mailing_queue_ids":[],"_links":{"self":[{"href":"https:\/\/site.educa.madrid.org\/ies.mirasierra.madrid\/index.php\/wp-json\/wp\/v2\/posts\/8983","targetHints":{"allow":["GET"]}}],"collection":[{"href":"https:\/\/site.educa.madrid.org\/ies.mirasierra.madrid\/index.php\/wp-json\/wp\/v2\/posts"}],"about":[{"href":"https:\/\/site.educa.madrid.org\/ies.mirasierra.madrid\/index.php\/wp-json\/wp\/v2\/types\/post"}],"author":[{"embeddable":true,"href":"https:\/\/site.educa.madrid.org\/ies.mirasierra.madrid\/index.php\/wp-json\/wp\/v2\/users\/2"}],"replies":[{"embeddable":true,"href":"https:\/\/site.educa.madrid.org\/ies.mirasierra.madrid\/index.php\/wp-json\/wp\/v2\/comments?post=8983"}],"version-history":[{"count":2,"href":"https:\/\/site.educa.madrid.org\/ies.mirasierra.madrid\/index.php\/wp-json\/wp\/v2\/posts\/8983\/revisions"}],"predecessor-version":[{"id":8986,"href":"https:\/\/site.educa.madrid.org\/ies.mirasierra.madrid\/index.php\/wp-json\/wp\/v2\/posts\/8983\/revisions\/8986"}],"wp:attachment":[{"href":"https:\/\/site.educa.madrid.org\/ies.mirasierra.madrid\/index.php\/wp-json\/wp\/v2\/media?parent=8983"}],"wp:term":[{"taxonomy":"category","embeddable":true,"href":"https:\/\/site.educa.madrid.org\/ies.mirasierra.madrid\/index.php\/wp-json\/wp\/v2\/categories?post=8983"},{"taxonomy":"post_tag","embeddable":true,"href":"https:\/\/site.educa.madrid.org\/ies.mirasierra.madrid\/index.php\/wp-json\/wp\/v2\/tags?post=8983"},{"taxonomy":"post_folder","embeddable":true,"href":"https:\/\/site.educa.madrid.org\/ies.mirasierra.madrid\/index.php\/wp-json\/wp\/v2\/post_folder?post=8983"}],"curies":[{"name":"wp","href":"https:\/\/api.w.org\/{rel}","templated":true}]}}