{"id":3781,"date":"2026-06-04T12:57:02","date_gmt":"2026-06-04T10:57:02","guid":{"rendered":"https:\/\/site.educa.madrid.org\/ies.rodriguezdevalcarcel.madrid\/?p=3781"},"modified":"2026-07-28T09:52:20","modified_gmt":"2026-07-28T07:52:20","slug":"matriculacion-grado-medio-y-superior-curso-2026-27","status":"publish","type":"post","link":"https:\/\/site.educa.madrid.org\/ies.rodriguezdevalcarcel.madrid\/index.php\/2026\/06\/04\/matriculacion-grado-medio-y-superior-curso-2026-27\/","title":{"rendered":"Matriculaci\u00f3n Grado Medio y Superior curso 2026-27"},"content":{"rendered":"<p style=\"text-align: center;\"><strong>IMPORTANTE<\/strong><\/p>\n<p style=\"text-align: left;\">Seg\u00fan resoluci\u00f3n de la Viceconsejer\u00eda de Pol\u00edtica y Organizaci\u00f3n Educativa de la Comunidad de Madrid. \u00abComo consecuencia de los incendios forestales declarados en la Comunidad de Madrid, SE SUSPENDE a partir de las 23:59 del 27 de julio el plazo de presentaci\u00f3n de matr\u00edcula en el procedimiento de admisi\u00f3n de ciclos formativos de grado medio y grado superior para los solicitantes que se les ha adjudicado plaza en la segunda fase, as\u00ed como la publicaci\u00f3n de listas de admitidos en la segunda fase correspondientes al procedimiento de admisi\u00f3n de ciclo superior que estaba prevista para el 28 de julio\u00bb<\/p>\n<p>La matriculaci\u00f3n ser\u00e1 TELEM\u00c1TICA a trav\u00e9s de la <strong>SECRETAR\u00cdA VIRTUAL<\/strong> de la Comunidad de Madrid:<\/p>\n<p><a href=\"https:\/\/www.comunidad.madrid\/SERVICIOS\/EDUCACION\/GESTION-TELEMATICA-SOLICITUD-ADMISION-ALUMNOS-SECRETARIA-VIRTUAL\" target=\"_blank\" rel=\"noopener\">https:\/\/www.comunidad.madrid\/SERVICIOS\/EDUCACION\/GESTION-TELEMATICA-SOLICITUD-ADMISION-ALUMNOS-SECRETARIA-VIRTUAL<\/a><\/p>\n<p><strong>FECHAS<\/strong><\/p>\n<p><strong>GRADO MEDIO<\/strong><\/p>\n<p>1\u00aa FASE:<strong> 16, 17 y 20 de julio<\/strong>.<\/p>\n<p>2\u00aa FASE:<strong> 24 y 27 de julio.<\/strong><\/p>\n<p><strong>GRADO SUPERIOR<\/strong><\/p>\n<p>1\u00aa FASE: <strong>21, 22<\/strong><strong> y 23 de julio<\/strong>.<\/p>\n<p>2\u00aa FASE:<strong> 29 y 30 de julio.<\/strong><\/p>\n<p><strong>NOVEDAD EN EL PAGO DE TASAS DE GRADO SUPERIOR<\/strong><\/p>\n<p>Este a\u00f1o existen bonificaciones seg\u00fan el expediente acad\u00e9mico:<\/p>\n<ul>\n<li>El alumnado que en la titulaci\u00f3n de acceso presente una nota media <strong>entre 7 incluido y hasta 9 puntos, tendr\u00e1 derecho a una deducci\u00f3n del 50%<\/strong> en el precio de matr\u00edcula.<\/li>\n<li>El alumnado que en la titulaci\u00f3n de acceso presente una nota media<strong> entre 9 incluido y 10 tendr\u00e1 derecho a una deducci\u00f3n del 100%<\/strong> y no tiene que presentar el modelo 030.<\/li>\n<li>Las deducciones por nota media no se aplicar\u00e1n en la repetici\u00f3n de m\u00f3dulos profesionales.<\/li>\n<\/ul>\n","protected":false},"excerpt":{"rendered":"<p>IMPORTANTE Seg\u00fan resoluci\u00f3n de la Viceconsejer\u00eda de Pol\u00edtica y Organizaci\u00f3n Educativa de la Comunidad de Madrid. \u00abComo consecuencia de los incendios forestales [&hellip;]<\/p>\n","protected":false},"author":2,"featured_media":0,"comment_status":"closed","ping_status":"open","sticky":false,"template":"","format":"standard","meta":{"footnotes":""},"categories":[1],"tags":[],"class_list":["post-3781","post","type-post","status-publish","format-standard","hentry","category-novedades"],"rttpg_featured_image_url":null,"rttpg_author":{"display_name":"tic.ies.rodriguezdevalcarcel.madrid","author_link":"https:\/\/site.educa.madrid.org\/ies.rodriguezdevalcarcel.madrid\/index.php\/author\/cuenta_tic-ies-rodriguezdevalcarcel-madrid\/"},"rttpg_comment":0,"rttpg_category":"<a href=\"https:\/\/site.educa.madrid.org\/ies.rodriguezdevalcarcel.madrid\/index.php\/category\/novedades\/\" rel=\"category tag\">Novedades<\/a>","rttpg_excerpt":"IMPORTANTE Seg\u00fan resoluci\u00f3n de la Viceconsejer\u00eda de Pol\u00edtica y Organizaci\u00f3n Educativa de la Comunidad de Madrid. \u00abComo consecuencia de los incendios forestales [&hellip;]","post_mailing_queue_ids":[],"_links":{"self":[{"href":"https:\/\/site.educa.madrid.org\/ies.rodriguezdevalcarcel.madrid\/index.php\/wp-json\/wp\/v2\/posts\/3781","targetHints":{"allow":["GET"]}}],"collection":[{"href":"https:\/\/site.educa.madrid.org\/ies.rodriguezdevalcarcel.madrid\/index.php\/wp-json\/wp\/v2\/posts"}],"about":[{"href":"https:\/\/site.educa.madrid.org\/ies.rodriguezdevalcarcel.madrid\/index.php\/wp-json\/wp\/v2\/types\/post"}],"author":[{"embeddable":true,"href":"https:\/\/site.educa.madrid.org\/ies.rodriguezdevalcarcel.madrid\/index.php\/wp-json\/wp\/v2\/users\/2"}],"replies":[{"embeddable":true,"href":"https:\/\/site.educa.madrid.org\/ies.rodriguezdevalcarcel.madrid\/index.php\/wp-json\/wp\/v2\/comments?post=3781"}],"version-history":[{"count":6,"href":"https:\/\/site.educa.madrid.org\/ies.rodriguezdevalcarcel.madrid\/index.php\/wp-json\/wp\/v2\/posts\/3781\/revisions"}],"predecessor-version":[{"id":3975,"href":"https:\/\/site.educa.madrid.org\/ies.rodriguezdevalcarcel.madrid\/index.php\/wp-json\/wp\/v2\/posts\/3781\/revisions\/3975"}],"wp:attachment":[{"href":"https:\/\/site.educa.madrid.org\/ies.rodriguezdevalcarcel.madrid\/index.php\/wp-json\/wp\/v2\/media?parent=3781"}],"wp:term":[{"taxonomy":"category","embeddable":true,"href":"https:\/\/site.educa.madrid.org\/ies.rodriguezdevalcarcel.madrid\/index.php\/wp-json\/wp\/v2\/categories?post=3781"},{"taxonomy":"post_tag","embeddable":true,"href":"https:\/\/site.educa.madrid.org\/ies.rodriguezdevalcarcel.madrid\/index.php\/wp-json\/wp\/v2\/tags?post=3781"}],"curies":[{"name":"wp","href":"https:\/\/api.w.org\/{rel}","templated":true}]}}